{"id":956,"date":"2014-05-07T00:00:00","date_gmt":"2014-05-07T00:00:00","guid":{"rendered":"https:\/\/esnaola-caba.infd.edu.ar\/sitio\/manos-a-la-obra\/"},"modified":"2014-05-07T00:00:00","modified_gmt":"2014-05-07T00:00:00","slug":"manos-a-la-obra","status":"publish","type":"post","link":"https:\/\/esnaola-caba.infd.edu.ar\/sitio\/manos-a-la-obra\/","title":{"rendered":"Manos a la obra"},"content":{"rendered":"<p class=\"sitio_noticia_volanta\" >Clases Magistrales y concierto<\/p>\n<h3>Manos a la obra<\/h3>\n<p class=\"sitio_noticia_copete\" >Hayd\u00e9e Schvartz y El\u00edas Gurevich y la participaci\u00f3n de alumnos de la escuela.<\/p>\n<hr class=\"sitio_noticia_contenido\" \/>\n<p >\n<p><img decoding=\"async\" style=\"display: block; margin-left: auto; margin-right: auto;\" title=\"concierto y clases\" src=\"https:\/\/esnaola-caba.infd.edu.ar\/sitio\/wp-content\/uploads\/2018\/06\/Concierto_12-05_Manos_a_las_obras.jpg\" border=\"0\" alt=\"concierto y clases\"><\/p><\/p>\n","protected":false},"excerpt":{"rendered":"<p>Clases Magistrales y concierto Manos a la obra Hayd\u00e9e Schvartz y El\u00edas Gurevich y la participaci\u00f3n de alumnos de la escuela.<\/p>\n","protected":false},"author":354,"featured_media":0,"comment_status":"open","ping_status":"open","sticky":false,"template":"","format":"standard","meta":[],"categories":[39],"tags":[],"acf":[],"_links":{"self":[{"href":"https:\/\/esnaola-caba.infd.edu.ar\/sitio\/wp-json\/wp\/v2\/posts\/956"}],"collection":[{"href":"https:\/\/esnaola-caba.infd.edu.ar\/sitio\/wp-json\/wp\/v2\/posts"}],"about":[{"href":"https:\/\/esnaola-caba.infd.edu.ar\/sitio\/wp-json\/wp\/v2\/types\/post"}],"author":[{"embeddable":true,"href":"https:\/\/esnaola-caba.infd.edu.ar\/sitio\/wp-json\/wp\/v2\/users\/354"}],"replies":[{"embeddable":true,"href":"https:\/\/esnaola-caba.infd.edu.ar\/sitio\/wp-json\/wp\/v2\/comments?post=956"}],"version-history":[{"count":0,"href":"https:\/\/esnaola-caba.infd.edu.ar\/sitio\/wp-json\/wp\/v2\/posts\/956\/revisions"}],"wp:attachment":[{"href":"https:\/\/esnaola-caba.infd.edu.ar\/sitio\/wp-json\/wp\/v2\/media?parent=956"}],"wp:term":[{"taxonomy":"category","embeddable":true,"href":"https:\/\/esnaola-caba.infd.edu.ar\/sitio\/wp-json\/wp\/v2\/categories?post=956"},{"taxonomy":"post_tag","embeddable":true,"href":"https:\/\/esnaola-caba.infd.edu.ar\/sitio\/wp-json\/wp\/v2\/tags?post=956"}],"curies":[{"name":"wp","href":"https:\/\/api.w.org\/{rel}","templated":true}]}}