{"id":942,"date":"2013-10-21T00:00:00","date_gmt":"2013-10-21T00:00:00","guid":{"rendered":"https:\/\/esnaola-caba.infd.edu.ar\/sitio\/audicion-de-musica-de-camara\/"},"modified":"2013-10-21T00:00:00","modified_gmt":"2013-10-21T00:00:00","slug":"audicion-de-musica-de-camara","status":"publish","type":"post","link":"https:\/\/esnaola-caba.infd.edu.ar\/sitio\/audicion-de-musica-de-camara\/","title":{"rendered":"Audici\u00f3n de M\u00fasica de C\u00e1mara"},"content":{"rendered":"<p class=\"sitio_noticia_volanta\" >Audici\u00f3n<\/p>\n<h3>Audici\u00f3n de M\u00fasica de C\u00e1mara<\/h3>\n<p class=\"sitio_noticia_copete\" >C\u00e1tedra de los Profesores Lazzar\u00edn, Perez Bergliaffa y Mart\u00edn<\/p>\n<hr class=\"sitio_noticia_contenido\" \/>\n<p ><img decoding=\"async\" style=\"display: block; margin-left: auto; margin-right: auto;\" title=\"Audicion de M&uacute;sica de Camara 22-10-13\" src=\"https:\/\/esnaola-caba.infd.edu.ar\/sitio\/wp-content\/uploads\/2018\/06\/Audicio769n_mu769sica_camara_profesorado_22-10.jpg\" border=\"0\" alt=\"Audicion de M&uacute;sica de Camara 22-10-13\"><\/p>\n","protected":false},"excerpt":{"rendered":"<p>Audici\u00f3n Audici\u00f3n de M\u00fasica de C\u00e1mara C\u00e1tedra de los Profesores Lazzar\u00edn, Perez Bergliaffa y Mart\u00edn<\/p>\n","protected":false},"author":354,"featured_media":0,"comment_status":"open","ping_status":"open","sticky":false,"template":"","format":"standard","meta":[],"categories":[39],"tags":[],"acf":[],"_links":{"self":[{"href":"https:\/\/esnaola-caba.infd.edu.ar\/sitio\/wp-json\/wp\/v2\/posts\/942"}],"collection":[{"href":"https:\/\/esnaola-caba.infd.edu.ar\/sitio\/wp-json\/wp\/v2\/posts"}],"about":[{"href":"https:\/\/esnaola-caba.infd.edu.ar\/sitio\/wp-json\/wp\/v2\/types\/post"}],"author":[{"embeddable":true,"href":"https:\/\/esnaola-caba.infd.edu.ar\/sitio\/wp-json\/wp\/v2\/users\/354"}],"replies":[{"embeddable":true,"href":"https:\/\/esnaola-caba.infd.edu.ar\/sitio\/wp-json\/wp\/v2\/comments?post=942"}],"version-history":[{"count":0,"href":"https:\/\/esnaola-caba.infd.edu.ar\/sitio\/wp-json\/wp\/v2\/posts\/942\/revisions"}],"wp:attachment":[{"href":"https:\/\/esnaola-caba.infd.edu.ar\/sitio\/wp-json\/wp\/v2\/media?parent=942"}],"wp:term":[{"taxonomy":"category","embeddable":true,"href":"https:\/\/esnaola-caba.infd.edu.ar\/sitio\/wp-json\/wp\/v2\/categories?post=942"},{"taxonomy":"post_tag","embeddable":true,"href":"https:\/\/esnaola-caba.infd.edu.ar\/sitio\/wp-json\/wp\/v2\/tags?post=942"}],"curies":[{"name":"wp","href":"https:\/\/api.w.org\/{rel}","templated":true}]}}