{"id":940,"date":"2013-05-16T00:00:00","date_gmt":"2013-05-16T00:00:00","guid":{"rendered":"https:\/\/esnaola-caba.infd.edu.ar\/sitio\/concierto-de-la-catedra-de-violin-del-prof-gustavo-mule\/"},"modified":"2013-05-16T00:00:00","modified_gmt":"2013-05-16T00:00:00","slug":"concierto-de-la-catedra-de-violin-del-prof-gustavo-mule","status":"publish","type":"post","link":"https:\/\/esnaola-caba.infd.edu.ar\/sitio\/concierto-de-la-catedra-de-violin-del-prof-gustavo-mule\/","title":{"rendered":"Concierto de la c\u00e1tedra de viol\u00edn del Prof. Gustavo Mul\u00e9"},"content":{"rendered":"<p class=\"sitio_noticia_volanta\" >Concierto 20 de Mayo de 2013<\/p>\n<h3>Concierto de la c\u00e1tedra de viol\u00edn del Prof. Gustavo Mul\u00e9<\/h3>\n<p class=\"sitio_noticia_copete\" >ISFA en Concierto<\/p>\n<hr class=\"sitio_noticia_contenido\" \/>\n<p >\n<p>&nbsp;<img decoding=\"async\" title=\"Logo peque&ntilde;o para incrustar en las paginas 100\" src=\"\" border=\"0\" alt=\"Logo peque&ntilde;o para incrustar en las paginas 100\"><\/p>\n<p style=\"text-align: center;\"><span style=\"font-size: 18pt;\">Concierto de la C&aacute;tedra de Viol&iacute;n del Prof. Gustavo Mul&eacute;<\/span><\/p>\n<p>&nbsp;<\/p>\n<p style=\"text-align: center;\">Lunes 20 de Mayo de 2013 a las 19:30 horas.<\/p>\n<p style=\"text-align: center;\">Av.Crisologo Larralde 5085 &#8211; CABA<\/p>\n<p style=\"text-align: center;\">Entrada libre<\/p>\n<p style=\"text-align: center;\">&nbsp;<\/p>\n<p><img decoding=\"async\" style=\"display: block; margin-left: auto; margin-right: auto;\" title=\"Concierto Mayo 2013\" src=\"https:\/\/esnaola-caba.infd.edu.ar\/sitio\/wp-content\/uploads\/2018\/06\/UNKNOWN_PARAMETER_VALUE.jpeg\" border=\"0\" alt=\"Concierto Mayo 2013\"><\/p><\/p>\n","protected":false},"excerpt":{"rendered":"<p>Concierto 20 de Mayo de 2013 Concierto de la c\u00e1tedra de viol\u00edn del Prof. Gustavo Mul\u00e9 ISFA en Concierto &nbsp; Concierto de la C&aacute;tedra de Viol&iacute;n del Prof. Gustavo Mul&eacute; &nbsp; Lunes 20 de Mayo de 2013 a las 19:30 horas. Av.Crisologo Larralde 5085 &#8211; CABA Entrada libre &nbsp;<\/p>\n","protected":false},"author":354,"featured_media":0,"comment_status":"open","ping_status":"open","sticky":false,"template":"","format":"standard","meta":[],"categories":[39],"tags":[],"acf":[],"_links":{"self":[{"href":"https:\/\/esnaola-caba.infd.edu.ar\/sitio\/wp-json\/wp\/v2\/posts\/940"}],"collection":[{"href":"https:\/\/esnaola-caba.infd.edu.ar\/sitio\/wp-json\/wp\/v2\/posts"}],"about":[{"href":"https:\/\/esnaola-caba.infd.edu.ar\/sitio\/wp-json\/wp\/v2\/types\/post"}],"author":[{"embeddable":true,"href":"https:\/\/esnaola-caba.infd.edu.ar\/sitio\/wp-json\/wp\/v2\/users\/354"}],"replies":[{"embeddable":true,"href":"https:\/\/esnaola-caba.infd.edu.ar\/sitio\/wp-json\/wp\/v2\/comments?post=940"}],"version-history":[{"count":0,"href":"https:\/\/esnaola-caba.infd.edu.ar\/sitio\/wp-json\/wp\/v2\/posts\/940\/revisions"}],"wp:attachment":[{"href":"https:\/\/esnaola-caba.infd.edu.ar\/sitio\/wp-json\/wp\/v2\/media?parent=940"}],"wp:term":[{"taxonomy":"category","embeddable":true,"href":"https:\/\/esnaola-caba.infd.edu.ar\/sitio\/wp-json\/wp\/v2\/categories?post=940"},{"taxonomy":"post_tag","embeddable":true,"href":"https:\/\/esnaola-caba.infd.edu.ar\/sitio\/wp-json\/wp\/v2\/tags?post=940"}],"curies":[{"name":"wp","href":"https:\/\/api.w.org\/{rel}","templated":true}]}}