{"id":939,"date":"2012-12-14T00:00:00","date_gmt":"2012-12-14T00:00:00","guid":{"rendered":"https:\/\/esnaola-caba.infd.edu.ar\/sitio\/examen-publico\/"},"modified":"2012-12-14T00:00:00","modified_gmt":"2012-12-14T00:00:00","slug":"examen-publico","status":"publish","type":"post","link":"https:\/\/esnaola-caba.infd.edu.ar\/sitio\/examen-publico\/","title":{"rendered":"Examen P\u00fablico"},"content":{"rendered":"<p class=\"sitio_noticia_volanta\" >Concierto y examen<\/p>\n<h3>Examen P\u00fablico<\/h3>\n<p class=\"sitio_noticia_copete\" >Examen p\u00fablico de las siguientes c\u00e1tedras: Canto, Corno Franc\u00e9s, Guitarra<\/p>\n<hr class=\"sitio_noticia_contenido\" \/>\n<p >\n<div style=\"text-align: center;\">Los invitamos al pr&oacute;ximo concierto de alumnos del Profesorado Esnaola.<br \/>En esta ocasi&oacute;n, se trata del examen p&uacute;blico de las siguientes c&aacute;tedras: Canto, Corno Franc&eacute;s, Guitarra.<\/p>\n<div>&nbsp;<\/div>\n<div>Lugar:<strong> Escuela Esnaola<\/strong><br \/>Direcci&oacute;n: <strong>Balboa 210 (CABA<\/strong>)<br \/>D&iacute;a: <strong>S&aacute;bado 15 de Diciembre, 10 hs. (am)<\/strong><\/div>\n<div style=\"text-align: center;\"><strong>Entrada libre y gratuita<\/strong><\/div>\n<\/div>\n","protected":false},"excerpt":{"rendered":"<p>Concierto y examen Examen P\u00fablico Examen p\u00fablico de las siguientes c\u00e1tedras: Canto, Corno Franc\u00e9s, Guitarra Los invitamos al pr&oacute;ximo concierto de alumnos del Profesorado Esnaola.En esta ocasi&oacute;n, se trata del examen p&uacute;blico de las siguientes c&aacute;tedras: Canto, Corno Franc&eacute;s, Guitarra. &nbsp; Lugar: Escuela EsnaolaDirecci&oacute;n: Balboa 210 (CABA)D&iacute;a: S&aacute;bado 15 de Diciembre, 10 hs. (am) Entrada &#8230; <a title=\"Examen P\u00fablico\" class=\"read-more\" href=\"https:\/\/esnaola-caba.infd.edu.ar\/sitio\/examen-publico\/\" aria-label=\"More on Examen P\u00fablico\">[+]<\/a><\/p>\n","protected":false},"author":354,"featured_media":0,"comment_status":"open","ping_status":"open","sticky":false,"template":"","format":"standard","meta":[],"categories":[39],"tags":[],"acf":[],"_links":{"self":[{"href":"https:\/\/esnaola-caba.infd.edu.ar\/sitio\/wp-json\/wp\/v2\/posts\/939"}],"collection":[{"href":"https:\/\/esnaola-caba.infd.edu.ar\/sitio\/wp-json\/wp\/v2\/posts"}],"about":[{"href":"https:\/\/esnaola-caba.infd.edu.ar\/sitio\/wp-json\/wp\/v2\/types\/post"}],"author":[{"embeddable":true,"href":"https:\/\/esnaola-caba.infd.edu.ar\/sitio\/wp-json\/wp\/v2\/users\/354"}],"replies":[{"embeddable":true,"href":"https:\/\/esnaola-caba.infd.edu.ar\/sitio\/wp-json\/wp\/v2\/comments?post=939"}],"version-history":[{"count":0,"href":"https:\/\/esnaola-caba.infd.edu.ar\/sitio\/wp-json\/wp\/v2\/posts\/939\/revisions"}],"wp:attachment":[{"href":"https:\/\/esnaola-caba.infd.edu.ar\/sitio\/wp-json\/wp\/v2\/media?parent=939"}],"wp:term":[{"taxonomy":"category","embeddable":true,"href":"https:\/\/esnaola-caba.infd.edu.ar\/sitio\/wp-json\/wp\/v2\/categories?post=939"},{"taxonomy":"post_tag","embeddable":true,"href":"https:\/\/esnaola-caba.infd.edu.ar\/sitio\/wp-json\/wp\/v2\/tags?post=939"}],"curies":[{"name":"wp","href":"https:\/\/api.w.org\/{rel}","templated":true}]}}