{"id":936,"date":"2012-09-21T00:00:00","date_gmt":"2012-09-21T00:00:00","guid":{"rendered":"https:\/\/esnaola-caba.infd.edu.ar\/sitio\/musica-de-camara-folklore-taller-de-instrumento\/"},"modified":"2012-09-21T00:00:00","modified_gmt":"2012-09-21T00:00:00","slug":"musica-de-camara-folklore-taller-de-instrumento","status":"publish","type":"post","link":"https:\/\/esnaola-caba.infd.edu.ar\/sitio\/musica-de-camara-folklore-taller-de-instrumento\/","title":{"rendered":"M\u00fasica de C\u00e1mara &#8211; Folklore &#8211; Taller de Instrumento"},"content":{"rendered":"<p class=\"sitio_noticia_volanta\" >Concierto en el Senado de la Naci\u00f3n<\/p>\n<h3>M\u00fasica de C\u00e1mara &#8211; Folklore &#8211; Taller de Instrumento<\/h3>\n<p class=\"sitio_noticia_copete\" >ISFA en Concierto<\/p>\n<hr class=\"sitio_noticia_contenido\" \/>\n<p >\n<p style=\"text-align: center;\"><img decoding=\"async\" title=\"Concierto del 26 de Septiembre de 2012 - C&aacute;mara y Folklore\" src=\"https:\/\/esnaola-caba.infd.edu.ar\/sitio\/wp-content\/uploads\/2018\/06\/CONCIERTO_Senado_con_direccion_1.jpg\" border=\"0\" alt=\"Concierto del 26 de Septiembre de 2012 - C&aacute;mara y Folklore\"><\/p>\n<p style=\"text-align: center;\"><strong>26 de septiembre de 2012<\/strong><\/p>\n<p style=\"text-align: center;\"><strong>Concierto &nbsp;<\/strong><\/p>\n<p style=\"text-align: center;\"><strong>Honorable Senado de la Naci&oacute;n &#8211; Sal&oacute;n Manuel Belgrano.<\/strong><\/p>\n<p style=\"text-align: center;\"><strong>&nbsp;<\/strong><\/p>\n<p><strong>Alumnos del Profesorado de M&uacute;sica<\/strong><\/p>\n<p><strong>Instituto Superior de Formaci&oacute;n Art&iacute;stica Juan Pedro Esnaola<\/strong><\/p>\n<p>&nbsp;<\/p>\n<p><strong>M&uacute;sica de C&aacute;mara<\/strong><\/p>\n<p>Direcci&oacute;n: Prof. Sa&uacute;l Mart&iacute;n<\/p>\n<p>&nbsp;<\/p>\n<p>Tr&iacute;o N&ordm;1 de <em>Tr&iacute;os London<\/em> &nbsp;&nbsp;&nbsp;&nbsp;&nbsp;&nbsp;&nbsp;&nbsp;&nbsp;&nbsp;&nbsp; &nbsp;&nbsp;&nbsp;&nbsp;&nbsp;&nbsp;&nbsp;&nbsp;&nbsp;&nbsp;&nbsp; &nbsp;&nbsp;&nbsp;&nbsp;&nbsp;&nbsp;&nbsp;&nbsp;&nbsp;&nbsp;&nbsp; &nbsp;&nbsp;&nbsp;&nbsp;&nbsp;&nbsp;&nbsp;&nbsp;&nbsp;&nbsp;&nbsp; &nbsp;&nbsp;&nbsp;&nbsp;&nbsp;&nbsp;&nbsp;&nbsp;&nbsp;&nbsp;&nbsp; &nbsp;&nbsp;&nbsp;&nbsp;&nbsp;&nbsp;&nbsp;&nbsp;&nbsp;&nbsp;&nbsp; Joseph Hydn<\/p>\n<p>Cantos del Tucum&aacute;n &nbsp;&nbsp;&nbsp;&nbsp;&nbsp;&nbsp;&nbsp;&nbsp;&nbsp;&nbsp;&nbsp; &nbsp;&nbsp;&nbsp;&nbsp;&nbsp;&nbsp;&nbsp;&nbsp;&nbsp;&nbsp;&nbsp; &nbsp;&nbsp;&nbsp;&nbsp;&nbsp;&nbsp;&nbsp;&nbsp;&nbsp;&nbsp;&nbsp; &nbsp;&nbsp;&nbsp;&nbsp;&nbsp;&nbsp;&nbsp;&nbsp;&nbsp;&nbsp;&nbsp; &nbsp;&nbsp;&nbsp;&nbsp;&nbsp;&nbsp;&nbsp;&nbsp;&nbsp;&nbsp;&nbsp; &nbsp;&nbsp;&nbsp;&nbsp;&nbsp;&nbsp;&nbsp;&nbsp;&nbsp;&nbsp;&nbsp; &nbsp;&nbsp;&nbsp;&nbsp;&nbsp;&nbsp;&nbsp;&nbsp;&nbsp;&nbsp;&nbsp; Alberto Ginastera<\/p>\n<p>Concierto en Re Mayor para guitarra y cuerdas&nbsp;&nbsp;&nbsp;&nbsp;&nbsp;&nbsp;&nbsp;&nbsp;&nbsp;&nbsp;&nbsp; &nbsp;&nbsp;&nbsp;&nbsp;&nbsp;&nbsp;&nbsp;&nbsp;&nbsp;&nbsp;&nbsp; &nbsp;&nbsp;&nbsp;&nbsp;&nbsp;&nbsp;&nbsp;&nbsp;&nbsp;&nbsp;&nbsp; Antonio Vivaldi<\/p>\n<p>&nbsp;<\/p>\n<p>Prof. Sa&uacute;l Mart&iacute;n: flauta,<\/p>\n<p>Emmanuel Sultani: guitarra<\/p>\n<p>Martina Pintos: viol&iacute;n<\/p>\n<p>Fernando diego Mu&ntilde;oz, viol&iacute;n<\/p>\n<p>Natalia Calza: violoncello<\/p>\n<p>Sabrina Azalot: canto<\/p>\n<p>Tom&aacute;s Limeres: percusi&oacute;n<\/p>\n<p>Prof. Marina Libonati: piano<\/p>\n<p>&nbsp;<\/p>\n<p><strong>Taller de M&uacute;sica Folkl&oacute;rica<\/strong><\/p>\n<p>Direcci&oacute;n: Prof. Emilio Victorica<\/p>\n<p>&nbsp;<\/p>\n<p>7 de abril, Zamba. &nbsp;&nbsp;&nbsp;&nbsp;&nbsp;&nbsp;&nbsp;&nbsp;&nbsp;&nbsp;&nbsp; &nbsp;&nbsp;&nbsp;&nbsp;&nbsp;&nbsp;&nbsp;&nbsp;&nbsp;&nbsp;&nbsp; &nbsp;&nbsp;&nbsp;&nbsp;&nbsp;&nbsp;&nbsp;&nbsp;&nbsp;&nbsp;&nbsp; &nbsp;&nbsp;&nbsp;&nbsp;&nbsp;&nbsp;&nbsp;&nbsp;&nbsp;&nbsp;&nbsp; &nbsp;&nbsp;&nbsp;&nbsp;&nbsp;&nbsp;&nbsp;&nbsp;&nbsp;&nbsp;&nbsp; &nbsp;&nbsp;&nbsp;&nbsp;&nbsp;&nbsp;&nbsp;&nbsp;&nbsp;&nbsp;&nbsp; &nbsp;&nbsp;&nbsp;&nbsp;&nbsp;&nbsp;&nbsp;&nbsp;&nbsp;&nbsp;&nbsp; Andr&eacute;s Chazarreta<\/p>\n<p>Gatito e&rsquo; las penas &nbsp;&nbsp;&nbsp;&nbsp;&nbsp;&nbsp;&nbsp;&nbsp;&nbsp;&nbsp;&nbsp; &nbsp;&nbsp;&nbsp;&nbsp;&nbsp;&nbsp;&nbsp;&nbsp;&nbsp;&nbsp;&nbsp; &nbsp;&nbsp;&nbsp;&nbsp;&nbsp;&nbsp;&nbsp;&nbsp;&nbsp;&nbsp;&nbsp; &nbsp;&nbsp;&nbsp;&nbsp;&nbsp;&nbsp;&nbsp;&nbsp;&nbsp;&nbsp;&nbsp; &nbsp;&nbsp;&nbsp;&nbsp;&nbsp;&nbsp;&nbsp;&nbsp;&nbsp;&nbsp;&nbsp; &nbsp;&nbsp;&nbsp;&nbsp;&nbsp;&nbsp;&nbsp;&nbsp;&nbsp;&nbsp;&nbsp; &nbsp;&nbsp;&nbsp;&nbsp;&nbsp;&nbsp;&nbsp;&nbsp;&nbsp;&nbsp;&nbsp; &nbsp;&nbsp;&nbsp;&nbsp;&nbsp;&nbsp;&nbsp;&nbsp;Ra&uacute;l Carnota<\/p>\n<p>Puente carretero chacarera &nbsp;&nbsp;&nbsp;&nbsp;&nbsp;&nbsp;&nbsp;&nbsp;&nbsp;&nbsp;&nbsp; &nbsp;&nbsp;&nbsp;&nbsp;&nbsp;&nbsp;&nbsp;&nbsp;&nbsp;&nbsp;&nbsp; &nbsp;&nbsp;&nbsp;&nbsp;&nbsp;&nbsp;&nbsp;&nbsp;&nbsp;&nbsp;&nbsp; &nbsp;&nbsp;&nbsp;&nbsp;&nbsp;&nbsp;&nbsp;&nbsp;&nbsp;&nbsp;&nbsp; &nbsp;&nbsp;&nbsp;&nbsp;&nbsp;&nbsp;&nbsp;&nbsp;&nbsp;&nbsp;&nbsp; Carlos y Peteco Carabajal<\/p>\n<p>&nbsp;<\/p>\n<p>Lucia Cuestas, Ver&oacute;nica Galarza, Daniel Moggio, Nicol&aacute;s Urizar,&nbsp; Valeria Oroza,<\/p>\n<p>Maria Silva Huss, Diego Gabriel<\/p>\n<p>&nbsp;<\/p>\n<p>&nbsp;<\/p>\n<p><strong>Taller de Instrumentos <\/strong><\/p>\n<p>Direcci&oacute;n: Prof. Jorge Tabares<\/p>\n<p>&nbsp;<\/p>\n<p><em>Repertorio an&oacute;nimo argentino y latinoamericano<\/em><\/p>\n<p>Ataque y contraataque<\/p>\n<p>Alel&iacute;\/Ojos azules<\/p>\n<p>Negra guitarrita<\/p>\n<p>San Benito<\/p>\n<p>Se&ntilde;ora Chichera<\/p>\n<p>Coplas de carnaval\/ Tarqueada popular<\/p>\n<p>&nbsp;<\/p>\n<p>Miranda Escudero, Ignacio Etcheverry,&nbsp; Nicol&aacute;s Kutchar, Guillermina Nanoia,<\/p>\n<p>Leandro Bedaumine, Sara &Aacute;vila, Anal&iacute;a Gallardo, Luc&iacute;a Cuestas, Natalia Miranda.<\/p><\/p>\n","protected":false},"excerpt":{"rendered":"<p>Concierto en el Senado de la Naci\u00f3n M\u00fasica de C\u00e1mara &#8211; Folklore &#8211; Taller de Instrumento ISFA en Concierto 26 de septiembre de 2012 Concierto &nbsp; Honorable Senado de la Naci&oacute;n &#8211; Sal&oacute;n Manuel Belgrano. &nbsp; Alumnos del Profesorado de M&uacute;sica Instituto Superior de Formaci&oacute;n Art&iacute;stica Juan Pedro Esnaola &nbsp; M&uacute;sica de C&aacute;mara Direcci&oacute;n: Prof. &#8230; <a title=\"M\u00fasica de C\u00e1mara &#8211; Folklore &#8211; Taller de Instrumento\" class=\"read-more\" href=\"https:\/\/esnaola-caba.infd.edu.ar\/sitio\/musica-de-camara-folklore-taller-de-instrumento\/\" aria-label=\"More on M\u00fasica de C\u00e1mara &#8211; Folklore &#8211; Taller de Instrumento\">[+]<\/a><\/p>\n","protected":false},"author":354,"featured_media":0,"comment_status":"open","ping_status":"open","sticky":false,"template":"","format":"standard","meta":[],"categories":[39],"tags":[],"acf":[],"_links":{"self":[{"href":"https:\/\/esnaola-caba.infd.edu.ar\/sitio\/wp-json\/wp\/v2\/posts\/936"}],"collection":[{"href":"https:\/\/esnaola-caba.infd.edu.ar\/sitio\/wp-json\/wp\/v2\/posts"}],"about":[{"href":"https:\/\/esnaola-caba.infd.edu.ar\/sitio\/wp-json\/wp\/v2\/types\/post"}],"author":[{"embeddable":true,"href":"https:\/\/esnaola-caba.infd.edu.ar\/sitio\/wp-json\/wp\/v2\/users\/354"}],"replies":[{"embeddable":true,"href":"https:\/\/esnaola-caba.infd.edu.ar\/sitio\/wp-json\/wp\/v2\/comments?post=936"}],"version-history":[{"count":0,"href":"https:\/\/esnaola-caba.infd.edu.ar\/sitio\/wp-json\/wp\/v2\/posts\/936\/revisions"}],"wp:attachment":[{"href":"https:\/\/esnaola-caba.infd.edu.ar\/sitio\/wp-json\/wp\/v2\/media?parent=936"}],"wp:term":[{"taxonomy":"category","embeddable":true,"href":"https:\/\/esnaola-caba.infd.edu.ar\/sitio\/wp-json\/wp\/v2\/categories?post=936"},{"taxonomy":"post_tag","embeddable":true,"href":"https:\/\/esnaola-caba.infd.edu.ar\/sitio\/wp-json\/wp\/v2\/tags?post=936"}],"curies":[{"name":"wp","href":"https:\/\/api.w.org\/{rel}","templated":true}]}}