{"id":2240,"date":"2021-03-20T11:54:12","date_gmt":"2021-03-20T14:54:12","guid":{"rendered":"https:\/\/esnaola-caba.infd.edu.ar\/sitio\/?p=2240"},"modified":"2021-03-22T08:27:30","modified_gmt":"2021-03-22T11:27:30","slug":"lista-de-materias-con-aula-virtual","status":"publish","type":"post","link":"https:\/\/esnaola-caba.infd.edu.ar\/sitio\/lista-de-materias-con-aula-virtual\/","title":{"rendered":"Listado de materias con aula virtual"},"content":{"rendered":"<p><strong>Listado de materias con aula virtual ( materias virtuales, semi-presenciales y presenciales con aula virtual):<\/strong><\/p>\n<p align=\"left\">Arte y Sociedad \u2013 Goldzycher<br \/>\nConjuntos Instrumentales Escolares \u2013 Monkobozky<br \/>\nDid\u00e1ctica de la M\u00fasica I \u2013 Albini<br \/>\nDid\u00e1ctica de la M\u00fasica II \u2013 Albini (2\u00ba cuatrimestre, iniciar\u00e1 actividades en 2\u00ba mitad del a\u00f1o)<br \/>\nDid\u00e1ctica General \u2013 Arcangeli<br \/>\nDid\u00e1ctica General \u2013 Bevilacua<br \/>\nEducaci\u00f3n Sexual Integral \u2013 Giana (2\u00ba cuatrimestre, iniciar\u00e1 actividades en 2\u00ba mitad del a\u00f1o)<br \/>\nElementos T\u00e9cnicos de la M\u00fasica I \u2013 Perrone (C\u00e1tedra d\u00edas Jueves)<br \/>\nElementos T\u00e9cnicos de la M\u00fasica I \u2013 Perrone (C\u00e1tedra d\u00edas Viernes)<br \/>\nElementos T\u00e9cnicos de la M\u00fasica III \u2013 Kasulin<br \/>\nEst\u00e9ticas Sonoras Contempor\u00e1neas \u2013 Luna (2\u00ba cuatrimestre, iniciar\u00e1 actividades en 2\u00ba mitad del a\u00f1o)<br \/>\nFilosof\u00eda y Teor\u00edas Est\u00e9ticas \u2013 Lastra Sheridan (C\u00e1tedra Presencial) (en plan viejo, Teor\u00edas Est\u00e9ticas)<br \/>\nFilosof\u00eda y Teor\u00edas Est\u00e9ticas \u2013 Lastra Sheridan (C\u00e1tedra Virtual) (en plan viejo, Teor\u00edas Est\u00e9ticas)<br \/>\nFon\u00e9tica Italiana \u2013 Profiti<br \/>\nGesti\u00f3n Cultural \u2013 Polti<br \/>\nHistoria de la Educaci\u00f3n Argentina \u2013 Rodr\u00edguez Alba<br \/>\nHistoria de la M\u00fasica II \u2013 Preciado Pati\u00f1o<br \/>\nHistoria de la M\u00fasica III \u2013 Abad<br \/>\nLa Flauta Dulce y la Producci\u00f3n Musical Grupal en \u00c1mbitos Escolares \u2013 Monkobosky<br \/>\nM\u00fasica de C\u00e1mara \u2013 P\u00e9rez Bergliaffa<br \/>\nM\u00fasica Folcl\u00f3rica \u2013 Beltramini<br \/>\nRecursos Audiovisuales \u2013 Luna<br \/>\nTaller 1 \u2013 Giana<br \/>\nTaller 2 \u2013 Giana (2\u00ba cuatrimestre, iniciar\u00e1 actividades en 2\u00ba mitad del a\u00f1o)<br \/>\nTaller 3 \u2013 Grosso<br \/>\nTaller 3 \u2013 Seinturia<br \/>\nTaller 4 \u2013 Grosso (2\u00ba cuatrimestre, iniciar\u00e1 actividades en 2\u00ba mitad del a\u00f1o)<br \/>\nTaller 4 \u2013 Seinturia (2\u00ba cuatrimestre, iniciar\u00e1 actividades en 2\u00ba mitad del a\u00f1o)<br \/>\nTaller 5 \u2013 Ruggiero (en plan viejo PP V, 1\u00ba cuatrimestre)<br \/>\nTaller 6 \u2013 Ruggiero (en plan viejo PP V, 2\u00ba cuatrimestre) (iniciar\u00e1 actividades en 2\u00ba mitad del a\u00f1o)<br \/>\nTaller 7 \u2013 Bevilacua (en plan viejo PP VI, , 1\u00ba cuatrimestre))<br \/>\nTaller de Cord\u00f3fonos \u2013 Tarrats<br \/>\nTrompa \u2013 Bercellini<br \/>\nPol\u00edticas Educativas \u2013 Rodr\u00edguez Alba (2\u00ba cuatrimestre, iniciar\u00e1 actividades en 2\u00ba mitad del a\u00f1o)<br \/>\nPsicolog\u00eda Educacional \u2013 Gioia (en plan viejo, Psicolog\u00eda de la Educaci\u00f3n)<br \/>\nSociologia \u2013 Amatriain<\/p>\n<p align=\"left\">Canto &#8211; Torres<br \/>\nDirecci\u00f3n coral 1 &#8211; Piccinni<br \/>\nDirecci\u00f3n coral 2 &#8211; Piccinni<br \/>\nElementos t\u00e9cnicos de la M\u00fasica II &#8211; Tarrats<br \/>\nFlauta traversa &#8211; Pierpaoli<br \/>\nM\u00fasica de c\u00e1mara &#8211; Lazzarin<br \/>\nPedagog\u00eda &#8211; Giana y Arc\u00e1ngeli<br \/>\nPiano &#8211; Quainelle<br \/>\nR\u00edtmica Dalcroze &#8211; Cernik<br \/>\nTaller 8 &#8211; Bevilacua<br \/>\nTIC, sonido y educaci\u00f3n &#8211; Vieyra<br \/>\nTrabajo corporal &#8211; Saiace<br \/>\nTrompeta &#8211; M\u00e9ndez<\/p>\n<p>&nbsp;<\/p>\n","protected":false},"excerpt":{"rendered":"<p>Listado de materias con aula virtual ( materias virtuales, semi-presenciales y presenciales con aula virtual): Arte y Sociedad \u2013 Goldzycher Conjuntos Instrumentales Escolares \u2013 Monkobozky Did\u00e1ctica de la M\u00fasica I \u2013 Albini Did\u00e1ctica de la M\u00fasica II \u2013 Albini (2\u00ba cuatrimestre, iniciar\u00e1 actividades en 2\u00ba mitad del a\u00f1o) Did\u00e1ctica General \u2013 Arcangeli Did\u00e1ctica General \u2013 &#8230; <a title=\"Listado de materias con aula virtual\" class=\"read-more\" href=\"https:\/\/esnaola-caba.infd.edu.ar\/sitio\/lista-de-materias-con-aula-virtual\/\" aria-label=\"More on Listado de materias con aula virtual\">[+]<\/a><\/p>\n","protected":false},"author":415,"featured_media":0,"comment_status":"open","ping_status":"open","sticky":false,"template":"","format":"standard","meta":[],"categories":[1],"tags":[],"acf":[],"_links":{"self":[{"href":"https:\/\/esnaola-caba.infd.edu.ar\/sitio\/wp-json\/wp\/v2\/posts\/2240"}],"collection":[{"href":"https:\/\/esnaola-caba.infd.edu.ar\/sitio\/wp-json\/wp\/v2\/posts"}],"about":[{"href":"https:\/\/esnaola-caba.infd.edu.ar\/sitio\/wp-json\/wp\/v2\/types\/post"}],"author":[{"embeddable":true,"href":"https:\/\/esnaola-caba.infd.edu.ar\/sitio\/wp-json\/wp\/v2\/users\/415"}],"replies":[{"embeddable":true,"href":"https:\/\/esnaola-caba.infd.edu.ar\/sitio\/wp-json\/wp\/v2\/comments?post=2240"}],"version-history":[{"count":8,"href":"https:\/\/esnaola-caba.infd.edu.ar\/sitio\/wp-json\/wp\/v2\/posts\/2240\/revisions"}],"predecessor-version":[{"id":2251,"href":"https:\/\/esnaola-caba.infd.edu.ar\/sitio\/wp-json\/wp\/v2\/posts\/2240\/revisions\/2251"}],"wp:attachment":[{"href":"https:\/\/esnaola-caba.infd.edu.ar\/sitio\/wp-json\/wp\/v2\/media?parent=2240"}],"wp:term":[{"taxonomy":"category","embeddable":true,"href":"https:\/\/esnaola-caba.infd.edu.ar\/sitio\/wp-json\/wp\/v2\/categories?post=2240"},{"taxonomy":"post_tag","embeddable":true,"href":"https:\/\/esnaola-caba.infd.edu.ar\/sitio\/wp-json\/wp\/v2\/tags?post=2240"}],"curies":[{"name":"wp","href":"https:\/\/api.w.org\/{rel}","templated":true}]}}