{"id":2083,"date":"2020-11-13T20:00:27","date_gmt":"2020-11-13T23:00:27","guid":{"rendered":"https:\/\/esnaola-caba.infd.edu.ar\/sitio\/?p=2083"},"modified":"2020-11-13T21:05:54","modified_gmt":"2020-11-14T00:05:54","slug":"2083-2","status":"publish","type":"post","link":"https:\/\/esnaola-caba.infd.edu.ar\/sitio\/2083-2\/","title":{"rendered":"Audici\u00f3n M\u00fasica de C\u00e1mara &#8211; C\u00e1tedra Dabul: Martes 17 de noviembre a las 20.00 hs"},"content":{"rendered":"<p>Audici\u00f3n M\u00fasica de C\u00e1mara &#8211; C\u00e1tedra Dabul: Martes 17 de noviembre a las 20.00 hs<\/p>\n<p>Conectarse a trav\u00e9s del siguiente enlace:<br \/>\n<a href=\"https:\/\/zoom.us\/j\/93760477008?pwd=akpBdUFNYXYwcGtDUnNwWEROZDhjZz09\">https:\/\/zoom.us\/j\/93760477008?pwd=akpBdUFNYXYwcGtDUnNwWEROZDhjZz09<\/a><img decoding=\"async\" loading=\"lazy\" class=\"alignnone size-medium wp-image-2086 aligncenter\" src=\"https:\/\/esnaola-caba.infd.edu.ar\/sitio\/wp-content\/uploads\/2020\/11\/Invitaci\u00f3n-Audici\u00f3n-C\u00e1mara-2_page-0001-707x1000.jpg\" alt=\"\" width=\"707\" height=\"1000\" srcset=\"https:\/\/esnaola-caba.infd.edu.ar\/sitio\/wp-content\/uploads\/2020\/11\/Invitaci\u00f3n-Audici\u00f3n-C\u00e1mara-2_page-0001-707x1000.jpg 707w, https:\/\/esnaola-caba.infd.edu.ar\/sitio\/wp-content\/uploads\/2020\/11\/Invitaci\u00f3n-Audici\u00f3n-C\u00e1mara-2_page-0001-768x1086.jpg 768w, https:\/\/esnaola-caba.infd.edu.ar\/sitio\/wp-content\/uploads\/2020\/11\/Invitaci\u00f3n-Audici\u00f3n-C\u00e1mara-2_page-0001.jpg 1242w\" sizes=\"(max-width: 707px) 100vw, 707px\" \/><\/p>\n","protected":false},"excerpt":{"rendered":"<p>Audici\u00f3n M\u00fasica de C\u00e1mara &#8211; C\u00e1tedra Dabul: Martes 17 de noviembre a las 20.00 hs Conectarse a trav\u00e9s del siguiente enlace: https:\/\/zoom.us\/j\/93760477008?pwd=akpBdUFNYXYwcGtDUnNwWEROZDhjZz09<\/p>\n","protected":false},"author":415,"featured_media":0,"comment_status":"open","ping_status":"open","sticky":false,"template":"","format":"standard","meta":[],"categories":[11,12,38,39,37,50],"tags":[],"acf":[],"_links":{"self":[{"href":"https:\/\/esnaola-caba.infd.edu.ar\/sitio\/wp-json\/wp\/v2\/posts\/2083"}],"collection":[{"href":"https:\/\/esnaola-caba.infd.edu.ar\/sitio\/wp-json\/wp\/v2\/posts"}],"about":[{"href":"https:\/\/esnaola-caba.infd.edu.ar\/sitio\/wp-json\/wp\/v2\/types\/post"}],"author":[{"embeddable":true,"href":"https:\/\/esnaola-caba.infd.edu.ar\/sitio\/wp-json\/wp\/v2\/users\/415"}],"replies":[{"embeddable":true,"href":"https:\/\/esnaola-caba.infd.edu.ar\/sitio\/wp-json\/wp\/v2\/comments?post=2083"}],"version-history":[{"count":10,"href":"https:\/\/esnaola-caba.infd.edu.ar\/sitio\/wp-json\/wp\/v2\/posts\/2083\/revisions"}],"predecessor-version":[{"id":2096,"href":"https:\/\/esnaola-caba.infd.edu.ar\/sitio\/wp-json\/wp\/v2\/posts\/2083\/revisions\/2096"}],"wp:attachment":[{"href":"https:\/\/esnaola-caba.infd.edu.ar\/sitio\/wp-json\/wp\/v2\/media?parent=2083"}],"wp:term":[{"taxonomy":"category","embeddable":true,"href":"https:\/\/esnaola-caba.infd.edu.ar\/sitio\/wp-json\/wp\/v2\/categories?post=2083"},{"taxonomy":"post_tag","embeddable":true,"href":"https:\/\/esnaola-caba.infd.edu.ar\/sitio\/wp-json\/wp\/v2\/tags?post=2083"}],"curies":[{"name":"wp","href":"https:\/\/api.w.org\/{rel}","templated":true}]}}