{"id":2022,"date":"2020-10-21T15:31:04","date_gmt":"2020-10-21T18:31:04","guid":{"rendered":"https:\/\/esnaola-caba.infd.edu.ar\/sitio\/?p=2022"},"modified":"2020-10-22T14:02:59","modified_gmt":"2020-10-22T17:02:59","slug":"actividad-catedras-pedagogia","status":"publish","type":"post","link":"https:\/\/esnaola-caba.infd.edu.ar\/sitio\/actividad-catedras-pedagogia\/","title":{"rendered":"Actividad C\u00e1tedras Pedagog\u00eda"},"content":{"rendered":"<p>Compartimos la siguiente actividad, en la cual participan las c\u00e1tedras de Pedagog\u00eda de nuestra instituci\u00f3n, y la docente Mara Arc\u00e1ngeli Arias como Coordinadora.<\/p>\n<p>Puede descargar aqu\u00ed el <a href=\"https:\/\/esnaola-caba.infd.edu.ar\/aula\/archivos\/repositorio\/\/500\/708\/Programa_Jornadas_Interinstitucionales_de_ESI_del_26_al_30_de_octubre.pdf\" target=\"_blank\" rel=\"noopener\">Programa de las Jornadas<\/a><\/p>\n<p>&nbsp;<\/p>\n<p><img decoding=\"async\" loading=\"lazy\" class=\"alignnone size-medium wp-image-2023\" src=\"https:\/\/esnaola-caba.infd.edu.ar\/sitio\/wp-content\/uploads\/2020\/10\/1903342b-8470-4921-893d-b4e684f443a4-1000x1000.jpg\" alt=\"\" width=\"1000\" height=\"1000\" srcset=\"https:\/\/esnaola-caba.infd.edu.ar\/sitio\/wp-content\/uploads\/2020\/10\/1903342b-8470-4921-893d-b4e684f443a4-1000x1000.jpg 1000w, https:\/\/esnaola-caba.infd.edu.ar\/sitio\/wp-content\/uploads\/2020\/10\/1903342b-8470-4921-893d-b4e684f443a4-500x500.jpg 500w, https:\/\/esnaola-caba.infd.edu.ar\/sitio\/wp-content\/uploads\/2020\/10\/1903342b-8470-4921-893d-b4e684f443a4-768x768.jpg 768w, https:\/\/esnaola-caba.infd.edu.ar\/sitio\/wp-content\/uploads\/2020\/10\/1903342b-8470-4921-893d-b4e684f443a4.jpg 1080w\" sizes=\"(max-width: 1000px) 100vw, 1000px\" \/><\/p>\n","protected":false},"excerpt":{"rendered":"<p>Compartimos la siguiente actividad, en la cual participan las c\u00e1tedras de Pedagog\u00eda de nuestra instituci\u00f3n, y la docente Mara Arc\u00e1ngeli Arias como Coordinadora. Puede descargar aqu\u00ed el Programa de las Jornadas &nbsp;<\/p>\n","protected":false},"author":339,"featured_media":0,"comment_status":"open","ping_status":"open","sticky":false,"template":"","format":"standard","meta":[],"categories":[1],"tags":[],"acf":[],"_links":{"self":[{"href":"https:\/\/esnaola-caba.infd.edu.ar\/sitio\/wp-json\/wp\/v2\/posts\/2022"}],"collection":[{"href":"https:\/\/esnaola-caba.infd.edu.ar\/sitio\/wp-json\/wp\/v2\/posts"}],"about":[{"href":"https:\/\/esnaola-caba.infd.edu.ar\/sitio\/wp-json\/wp\/v2\/types\/post"}],"author":[{"embeddable":true,"href":"https:\/\/esnaola-caba.infd.edu.ar\/sitio\/wp-json\/wp\/v2\/users\/339"}],"replies":[{"embeddable":true,"href":"https:\/\/esnaola-caba.infd.edu.ar\/sitio\/wp-json\/wp\/v2\/comments?post=2022"}],"version-history":[{"count":3,"href":"https:\/\/esnaola-caba.infd.edu.ar\/sitio\/wp-json\/wp\/v2\/posts\/2022\/revisions"}],"predecessor-version":[{"id":2027,"href":"https:\/\/esnaola-caba.infd.edu.ar\/sitio\/wp-json\/wp\/v2\/posts\/2022\/revisions\/2027"}],"wp:attachment":[{"href":"https:\/\/esnaola-caba.infd.edu.ar\/sitio\/wp-json\/wp\/v2\/media?parent=2022"}],"wp:term":[{"taxonomy":"category","embeddable":true,"href":"https:\/\/esnaola-caba.infd.edu.ar\/sitio\/wp-json\/wp\/v2\/categories?post=2022"},{"taxonomy":"post_tag","embeddable":true,"href":"https:\/\/esnaola-caba.infd.edu.ar\/sitio\/wp-json\/wp\/v2\/tags?post=2022"}],"curies":[{"name":"wp","href":"https:\/\/api.w.org\/{rel}","templated":true}]}}