{"id":1996,"date":"2020-10-13T12:19:21","date_gmt":"2020-10-13T15:19:21","guid":{"rendered":"https:\/\/esnaola-caba.infd.edu.ar\/sitio\/?p=1996"},"modified":"2020-10-13T12:32:56","modified_gmt":"2020-10-13T15:32:56","slug":"1996-2","status":"publish","type":"post","link":"https:\/\/esnaola-caba.infd.edu.ar\/sitio\/1996-2\/","title":{"rendered":"La Academia Nacional de Educaci\u00f3n organiza la Jornada de Arte y Educaci\u00f3n 2020"},"content":{"rendered":"<div class=\"page-header\">\n<h2 style=\"text-align: center;\">Jornada de Arte y Educaci\u00f3n 2020<\/h2>\n<\/div>\n<div>\n<p style=\"text-align: center;\"><img decoding=\"async\" src=\"http:\/\/www.acaedu.edu.ar\/images\/stories\/2018\/fotos\/escudo.gif\" alt=\"escudo\" \/><br \/>\n<strong>ACADEMIA NACIONAL DE EDUCACI\u00d3N<\/strong><\/p>\n<p style=\"text-align: center;\"><strong>Jornada de Arte y Educaci\u00f3n 2020<\/strong><\/p>\n<p style=\"text-align: center;\">\u00ab<em>Entre la pr\u00e1ctica y la investigaci\u00f3n: Convergencias y necesidades de fortalecimiento<br \/>\nde la educaci\u00f3n musical en Latinoam\u00e9rica<\/em>\u00bb<br \/>\n<strong>Dra. Patricia Gonz\u00e1lez Moreno<\/strong><br \/>\n(Universidad de Chihuahua, M\u00e9xico)<\/p>\n<p style=\"text-align: center;\"><strong>19 de octubre \/ 12 hs. (Hora Buenos Aires)<\/strong><\/p>\n<p style=\"text-align: center;\">Tenemos el agrado de invitar a usted a la sesi\u00f3n virtual en la que la Dra. Patricia Gonz\u00e1lez Moreno dictar\u00e1 una conferencia sobre el tema \u00abEntre la pr\u00e1ctica y la investigaci\u00f3n: Convergencias y necesidades de fortalecimiento de la educaci\u00f3n musical en Latinoam\u00e9rica\u00bb.<\/p>\n<p style=\"text-align: center;\">Este acto est\u00e1 organizado en el marco de la Jornada de Arte y Educaci\u00f3n 2020 de la Academia Nacional de Educaci\u00f3n de la Rep\u00fablica Argentina y ser\u00e1 presidido por el Ac. Presidente Dr. Guillermo Jaim Etcheverry. La presentaci\u00f3n estar\u00e1 a cargo de la Acad\u00e9mica Dra. Ana Luc\u00eda Frega.<\/p>\n<p style=\"text-align: center;\">La sesi\u00f3n se realizar\u00e1 el d\u00eda lunes 19 de octubre, a las 12 hs. (Buenos Aires).<\/p>\n<p style=\"text-align: center;\">Esta actividad es realizada conjuntamente con RELEM (Red Latinoamericana de Educaci\u00f3n Musical).<\/p>\n<\/div>\n<p><strong>\u00a0 \u00a0 \u00a0 \u00a0 \u00a0 \u00a0 \u00a0 \u00a0 \u00a0 \u00a0 \u00a0 \u00a0 \u00a0 \u00a0 \u00a0 \u00a0 \u00a0 \u00a0 \u00a0 \u00a0 \u00a0 \u00a0 \u00a0 \u00a0 \u00a0 \u00a0 \u00a0 \u00a0 <\/strong><\/p>\n<p><strong>\u00a0 \u00a0 \u00a0 \u00a0 \u00a0 \u00a0 \u00a0 \u00a0 \u00a0 \u00a0 \u00a0 \u00a0 \u00a0 \u00a0 \u00a0 <\/strong><strong>\u00a0 \u00a0 \u00a0Mar\u00eda La Greca\u00a0 \u00a0 \u00a0 \u00a0 \u00a0 \u00a0 \u00a0 \u00a0 \u00a0 \u00a0 \u00a0 \u00a0 \u00a0 \u00a0 \u00a0 \u00a0 \u00a0 \u00a0Guillermo Jaim Etcheverry<\/strong><\/p>\n<p><strong>\u00a0 \u00a0 \u00a0 \u00a0 \u00a0 \u00a0 \u00a0 \u00a0 \u00a0 \u00a0 \u00a0 \u00a0 \u00a0 \u00a0 \u00a0 Acad\u00e9mico Secretario\u00a0 \u00a0 \u00a0 \u00a0 \u00a0 \u00a0 \u00a0 \u00a0 \u00a0 \u00a0 \u00a0 \u00a0 \u00a0 \u00a0 \u00a0 \u00a0Acad\u00e9mico Presidente<\/strong><\/p>\n","protected":false},"excerpt":{"rendered":"<p>Jornada de Arte y Educaci\u00f3n 2020 ACADEMIA NACIONAL DE EDUCACI\u00d3N Jornada de Arte y Educaci\u00f3n 2020 \u00abEntre la pr\u00e1ctica y la investigaci\u00f3n: Convergencias y necesidades de fortalecimiento de la educaci\u00f3n musical en Latinoam\u00e9rica\u00bb Dra. Patricia Gonz\u00e1lez Moreno (Universidad de Chihuahua, M\u00e9xico) 19 de octubre \/ 12 hs. (Hora Buenos Aires) Tenemos el agrado de invitar &#8230; <a title=\"La Academia Nacional de Educaci\u00f3n organiza la Jornada de Arte y Educaci\u00f3n 2020\" class=\"read-more\" href=\"https:\/\/esnaola-caba.infd.edu.ar\/sitio\/1996-2\/\" aria-label=\"More on La Academia Nacional de Educaci\u00f3n organiza la Jornada de Arte y Educaci\u00f3n 2020\">[+]<\/a><\/p>\n","protected":false},"author":415,"featured_media":0,"comment_status":"open","ping_status":"open","sticky":false,"template":"","format":"standard","meta":[],"categories":[1],"tags":[],"acf":[],"_links":{"self":[{"href":"https:\/\/esnaola-caba.infd.edu.ar\/sitio\/wp-json\/wp\/v2\/posts\/1996"}],"collection":[{"href":"https:\/\/esnaola-caba.infd.edu.ar\/sitio\/wp-json\/wp\/v2\/posts"}],"about":[{"href":"https:\/\/esnaola-caba.infd.edu.ar\/sitio\/wp-json\/wp\/v2\/types\/post"}],"author":[{"embeddable":true,"href":"https:\/\/esnaola-caba.infd.edu.ar\/sitio\/wp-json\/wp\/v2\/users\/415"}],"replies":[{"embeddable":true,"href":"https:\/\/esnaola-caba.infd.edu.ar\/sitio\/wp-json\/wp\/v2\/comments?post=1996"}],"version-history":[{"count":9,"href":"https:\/\/esnaola-caba.infd.edu.ar\/sitio\/wp-json\/wp\/v2\/posts\/1996\/revisions"}],"predecessor-version":[{"id":2005,"href":"https:\/\/esnaola-caba.infd.edu.ar\/sitio\/wp-json\/wp\/v2\/posts\/1996\/revisions\/2005"}],"wp:attachment":[{"href":"https:\/\/esnaola-caba.infd.edu.ar\/sitio\/wp-json\/wp\/v2\/media?parent=1996"}],"wp:term":[{"taxonomy":"category","embeddable":true,"href":"https:\/\/esnaola-caba.infd.edu.ar\/sitio\/wp-json\/wp\/v2\/categories?post=1996"},{"taxonomy":"post_tag","embeddable":true,"href":"https:\/\/esnaola-caba.infd.edu.ar\/sitio\/wp-json\/wp\/v2\/tags?post=1996"}],"curies":[{"name":"wp","href":"https:\/\/api.w.org\/{rel}","templated":true}]}}