{"id":1990,"date":"2020-10-13T12:03:36","date_gmt":"2020-10-13T15:03:36","guid":{"rendered":"https:\/\/esnaola-caba.infd.edu.ar\/sitio\/?p=1990"},"modified":"2020-10-13T12:34:18","modified_gmt":"2020-10-13T15:34:18","slug":"v-jornadas-arte-educacion-y-pandemia","status":"publish","type":"post","link":"https:\/\/esnaola-caba.infd.edu.ar\/sitio\/v-jornadas-arte-educacion-y-pandemia\/","title":{"rendered":"V Jornadas: Arte, Educaci\u00f3n y Pandemia"},"content":{"rendered":"<p><img decoding=\"async\" loading=\"lazy\" class=\"alignnone size-medium wp-image-1991\" src=\"https:\/\/esnaola-caba.infd.edu.ar\/sitio\/wp-content\/uploads\/2020\/10\/IRRURTIA-1000x1000.jpeg\" alt=\"\" width=\"1000\" height=\"1000\" srcset=\"https:\/\/esnaola-caba.infd.edu.ar\/sitio\/wp-content\/uploads\/2020\/10\/IRRURTIA-1000x1000.jpeg 1000w, https:\/\/esnaola-caba.infd.edu.ar\/sitio\/wp-content\/uploads\/2020\/10\/IRRURTIA-500x500.jpeg 500w, https:\/\/esnaola-caba.infd.edu.ar\/sitio\/wp-content\/uploads\/2020\/10\/IRRURTIA-768x768.jpeg 768w, https:\/\/esnaola-caba.infd.edu.ar\/sitio\/wp-content\/uploads\/2020\/10\/IRRURTIA.jpeg 1080w\" sizes=\"(max-width: 1000px) 100vw, 1000px\" \/><\/p>\n<p>#VJornadasArteEducaci\u00f3nYPandemia &#8211; 28, 29 y 30 de octubre<\/p>\n<p>D\u00eda 1: mi\u00e9rcoles 28 de octubre de 2020 &#8211; 19 hs<br \/>\nEje: Los desaf\u00edos de la formaci\u00f3n art\u00edstica en contexto de ASPO<br \/>\nProf. Juan Jos\u00e9 Cano &#8211; Taller de Escultura III<br \/>\nProf. Pablo Ziccarello &#8211; Dibujo Integral IV<\/p>\n<p>D\u00eda 2: jueves 29 de octubre &#8211; 19 hs<br \/>\nEje: Los desaf\u00edos de la producci\u00f3n art\u00edstica, la curadur\u00eda y socializaci\u00f3n de la producci\u00f3n art\u00edstico\/visual con perspectiva de g\u00e9nero.<br \/>\nProf. Andrea Elias &#8211; Directora Museo Casa Yrurtia<br \/>\nProf. Karina Granieri. Proyecto de programaci\u00f3n y curadur\u00eda \u201cLa Lengua en la Calle\u201d.<\/p>\n<p>D\u00eda 3: viernes 30 de octubre &#8211; 19 hs<br \/>\nEje: Arte y pedagog\u00eda en el marco de la est\u00e9tica relacional<br \/>\nProf. Carolina Xamena &#8211; estudiante Proyecto de Pr\u00e1ctica VII<br \/>\nProf. Nicol\u00e1s D\u00eda Sterbanoff &#8211; estudiante Proyecto de Pr\u00e1ctica VII<br \/>\nProf. Silvia Senatore &#8211; estudiante Proyecto de Pr\u00e1ctica VII<\/p>\n<p>Encuentros por Google Meet: meet.google.com\/xvi-nemv-taw<\/p>\n<p>Gr\u00e1fica: @elmargendelahoja<\/p>\n<p>#ESEARY #Jornadas #Octubre<\/p>\n","protected":false},"excerpt":{"rendered":"<p>#VJornadasArteEducaci\u00f3nYPandemia &#8211; 28, 29 y 30 de octubre D\u00eda 1: mi\u00e9rcoles 28 de octubre de 2020 &#8211; 19 hs Eje: Los desaf\u00edos de la formaci\u00f3n art\u00edstica en contexto de ASPO Prof. Juan Jos\u00e9 Cano &#8211; Taller de Escultura III Prof. Pablo Ziccarello &#8211; Dibujo Integral IV D\u00eda 2: jueves 29 de octubre &#8211; 19 hs &#8230; <a title=\"V Jornadas: Arte, Educaci\u00f3n y Pandemia\" class=\"read-more\" href=\"https:\/\/esnaola-caba.infd.edu.ar\/sitio\/v-jornadas-arte-educacion-y-pandemia\/\" aria-label=\"More on V Jornadas: Arte, Educaci\u00f3n y Pandemia\">[+]<\/a><\/p>\n","protected":false},"author":415,"featured_media":0,"comment_status":"open","ping_status":"open","sticky":false,"template":"","format":"standard","meta":[],"categories":[1],"tags":[],"acf":[],"_links":{"self":[{"href":"https:\/\/esnaola-caba.infd.edu.ar\/sitio\/wp-json\/wp\/v2\/posts\/1990"}],"collection":[{"href":"https:\/\/esnaola-caba.infd.edu.ar\/sitio\/wp-json\/wp\/v2\/posts"}],"about":[{"href":"https:\/\/esnaola-caba.infd.edu.ar\/sitio\/wp-json\/wp\/v2\/types\/post"}],"author":[{"embeddable":true,"href":"https:\/\/esnaola-caba.infd.edu.ar\/sitio\/wp-json\/wp\/v2\/users\/415"}],"replies":[{"embeddable":true,"href":"https:\/\/esnaola-caba.infd.edu.ar\/sitio\/wp-json\/wp\/v2\/comments?post=1990"}],"version-history":[{"count":2,"href":"https:\/\/esnaola-caba.infd.edu.ar\/sitio\/wp-json\/wp\/v2\/posts\/1990\/revisions"}],"predecessor-version":[{"id":2006,"href":"https:\/\/esnaola-caba.infd.edu.ar\/sitio\/wp-json\/wp\/v2\/posts\/1990\/revisions\/2006"}],"wp:attachment":[{"href":"https:\/\/esnaola-caba.infd.edu.ar\/sitio\/wp-json\/wp\/v2\/media?parent=1990"}],"wp:term":[{"taxonomy":"category","embeddable":true,"href":"https:\/\/esnaola-caba.infd.edu.ar\/sitio\/wp-json\/wp\/v2\/categories?post=1990"},{"taxonomy":"post_tag","embeddable":true,"href":"https:\/\/esnaola-caba.infd.edu.ar\/sitio\/wp-json\/wp\/v2\/tags?post=1990"}],"curies":[{"name":"wp","href":"https:\/\/api.w.org\/{rel}","templated":true}]}}