{"id":1861,"date":"2020-03-20T16:04:08","date_gmt":"2020-03-20T19:04:08","guid":{"rendered":"https:\/\/esnaola-caba.infd.edu.ar\/sitio\/?p=1861"},"modified":"2020-04-06T16:09:54","modified_gmt":"2020-04-06T19:09:54","slug":"informacion-sobre-las-actividades-y-el-campus-virtual","status":"publish","type":"post","link":"https:\/\/esnaola-caba.infd.edu.ar\/sitio\/informacion-sobre-las-actividades-y-el-campus-virtual\/","title":{"rendered":"Informaci\u00f3n sobre las actividades, y el Campus Virtual"},"content":{"rendered":"<p>Queridxs alumnxs!<br \/>\nComo saben, las actividades presenciales se encuentran suspendidas. Les informamos sobre el estado de situaci\u00f3n con respecto a la actividad en el campus virtual:<\/p>\n<ul>\n<li><strong>Materias con aula virtual<\/strong> (esto es, materias virtuales, semi-presenciales, y presenciales con aula virtual):<br \/>\nse est\u00e1 trabajando inscribi\u00e9ndolos a las mismas, y les informaremos cuando est\u00e9 completo. M\u00e1s abajo, les dejamos la lista de materias en estas categor\u00edas.<br \/>\nUna vez ingresados, lxs docentes a cargo de cada C\u00e1tedra iniciar\u00e1n la actividad por esa v\u00eda. Les pedimos paciencia en ese sentido, dado que algunas aulas virtuales son de reciente creaci\u00f3n.<\/li>\n<li><strong>Velocidad del ingreso de alumnxs<\/strong>: por alguna raz\u00f3n, el sistema est\u00e1 funcionando muy lento (quiz\u00e1 por el mayor uso que se est\u00e1 haciendo del portal, en general en todos los terciarios). As\u00ed que, les pedimos paciencia.<\/li>\n<li><strong>Materias Instrumento\/Canto, y M\u00fasica de C\u00e1mara<\/strong>: en este caso, los docentes se comunicar\u00e1n v\u00eda e-mail con uds. para, dentro de lo posible, ir organizando el trabajo<\/li>\n<li><strong>Resto de las materias<\/strong>: en algunos casos, estamos abriendo aulas virtuales nuevas. Para el resto, esperamos que las clases se reanuden lo antes posible.<br \/>\nAlgunos alumnxs han pedido les confirmemos si se encuentran inscriptos a algunas de \u00e9stas. Esto no es necesario, dado que si realizaron la instancia de matriculaci\u00f3n (tanto online como presencial), ya se encuentran inscriptos a las mismas.<\/li>\n<li>V\u00edas de informaci\u00f3n: por distintas razones, no estamos utilizando la v\u00eda telef\u00f3nica. Les pedimos, entonces, est\u00e9n atentos a los anuncios a trav\u00e9s de estas v\u00edas:<br \/>\n** Sitio web (En la portada, y en la secci\u00f3n Noticas)<br \/>\n** Anuncios a trav\u00e9s del Campus Virtual<br \/>\n** Nuestros envios por e-mail<br \/>\n** Instagram<br \/>\nhttps:\/\/www.instagram.com\/eseam.jpe\/<\/li>\n<\/ul>\n<p>&#8212;-<\/p>\n<p><strong>Lista de materias con aula virtual<\/strong>: (esto es, materias virtuales, semi-presenciales, y presenciales con aula virtual)<\/p>\n<p>Arte y Sociedad &#8211; Goldzycher<br \/>\nConjuntos Instrumentales Escolares &#8211; Monkobozky<br \/>\nDid\u00e1ctica de la M\u00fasica I &#8211; Albini<br \/>\nDid\u00e1ctica de la M\u00fasica II &#8211; Albini (2\u00ba cuatrimestre, iniciar\u00e1 actividades en 2\u00ba mitad del a\u00f1o)<br \/>\nDid\u00e1ctica del Instrumento &#8211; Bertea<br \/>\nDidactica General &#8211; Arcangeli<br \/>\nDidactica General &#8211; Bevilacua<br \/>\nEducaci\u00f3n Sexual Integral &#8211; Giana (2\u00ba cuatrimestre, iniciar\u00e1 actividades en 2\u00ba mitad del a\u00f1o)<br \/>\nElementos T\u00e9cnicos de la M\u00fasica I &#8211; Perrone (C\u00e1tedra d\u00edas Jueves)<br \/>\nElementos T\u00e9cnicos de la M\u00fasica I &#8211; Perrone (C\u00e1tedra d\u00edas Viernes)<br \/>\nElementos T\u00e9cnicos de la M\u00fasica III &#8211; Kasulin<br \/>\nEst\u00e9ticas Sonoras Contempor\u00e1neas &#8211; Luna (2\u00ba cuatrimestre, iniciar\u00e1 actividades en 2\u00ba mitad del a\u00f1o)<br \/>\nFilosof\u00eda y Teor\u00edas Est\u00e9ticas &#8211; Lastra Sheridan (C\u00e1tedra Presencial) (en plan viejo, Teor\u00edas Est\u00e9ticas)<br \/>\nFilosof\u00eda y Teor\u00edas Est\u00e9ticas &#8211; Lastra Sheridan (C\u00e1tedra Virtual) (en plan viejo, Teor\u00edas Est\u00e9ticas)<br \/>\nFon\u00e9tica Italiana &#8211; Profiti<br \/>\nGesti\u00f3n Cultural &#8211; Polti<br \/>\nHistoria de la Educaci\u00f3n Argentina &#8211; Rodr\u00edguez Alba<br \/>\nHistoria de la M\u00fasica II &#8211; Preciado Pati\u00f1o<br \/>\nHistoria de la M\u00fasica III &#8211; Abad<br \/>\nLa Flauta Dulce y la Producci\u00f3n Musical Grupal en \u00c1mbitos Escolares &#8211; Monkobosky<br \/>\nM\u00fasica de C\u00e1mara &#8211; P\u00e9rez Bergliaffa<br \/>\nM\u00fasica Folcl\u00f3rica &#8211; Beltramini<br \/>\nRecursos Audiovisuales &#8211; Luna<br \/>\nTaller 1 &#8211; Giana<br \/>\nTaller 2 &#8211; Giana (2\u00ba cuatrimestre, iniciar\u00e1 actividades en 2\u00ba mitad del a\u00f1o)<br \/>\nTaller 3 &#8211; Grosso<br \/>\nTaller 3 &#8211; Seinturia<br \/>\nTaller 4 &#8211; Grosso (2\u00ba cuatrimestre, iniciar\u00e1 actividades en 2\u00ba mitad del a\u00f1o)<br \/>\nTaller 4 &#8211; Seinturia (2\u00ba cuatrimestre, iniciar\u00e1 actividades en 2\u00ba mitad del a\u00f1o)<br \/>\nTaller 5 &#8211; Ruggiero (en plan viejo PP V, 1\u00ba cuatrimestre)<br \/>\nTaller 6 &#8211; Ruggiero (en plan viejo PP V, 2\u00ba cuatrimestre) (iniciar\u00e1 actividades en 2\u00ba mitad del a\u00f1o)<br \/>\nTaller 7 &#8211; Bevilacua (en plan viejo PP VI, , 1\u00ba cuatrimestre))<br \/>\nTaller de Cord\u00f3fonos &#8211; Tarrats<br \/>\nTrompa &#8211; Bercellini<br \/>\nPol\u00edticas Educativas &#8211; Rodr\u00edguez Alba (2\u00ba cuatrimestre, iniciar\u00e1 actividades en 2\u00ba mitad del a\u00f1o)<br \/>\nPsicolog\u00eda Educacional &#8211; Gioia (en plan viejo, Psicolog\u00eda de la Educaci\u00f3n)<br \/>\nSociologia &#8211; Amatriain<\/p>\n<p><img decoding=\"async\" loading=\"lazy\" class=\"alignnone size-full wp-image-1862\" src=\"https:\/\/esnaola-caba.infd.edu.ar\/sitio\/wp-content\/uploads\/2020\/03\/Diapositiva1.jpg\" alt=\"\" width=\"960\" height=\"720\" srcset=\"https:\/\/esnaola-caba.infd.edu.ar\/sitio\/wp-content\/uploads\/2020\/03\/Diapositiva1.jpg 960w, https:\/\/esnaola-caba.infd.edu.ar\/sitio\/wp-content\/uploads\/2020\/03\/Diapositiva1-768x576.jpg 768w\" sizes=\"(max-width: 960px) 100vw, 960px\" \/> <img decoding=\"async\" loading=\"lazy\" class=\"alignnone size-full wp-image-1863\" src=\"https:\/\/esnaola-caba.infd.edu.ar\/sitio\/wp-content\/uploads\/2020\/03\/Diapositiva2.jpg\" alt=\"\" width=\"960\" height=\"720\" srcset=\"https:\/\/esnaola-caba.infd.edu.ar\/sitio\/wp-content\/uploads\/2020\/03\/Diapositiva2.jpg 960w, https:\/\/esnaola-caba.infd.edu.ar\/sitio\/wp-content\/uploads\/2020\/03\/Diapositiva2-768x576.jpg 768w\" sizes=\"(max-width: 960px) 100vw, 960px\" \/><\/p>\n","protected":false},"excerpt":{"rendered":"<p>Queridxs alumnxs! Como saben, las actividades presenciales se encuentran suspendidas. Les informamos sobre el estado de situaci\u00f3n con respecto a la actividad en el campus virtual: Materias con aula virtual (esto es, materias virtuales, semi-presenciales, y presenciales con aula virtual): se est\u00e1 trabajando inscribi\u00e9ndolos a las mismas, y les informaremos cuando est\u00e9 completo. M\u00e1s abajo, &#8230; <a title=\"Informaci\u00f3n sobre las actividades, y el Campus Virtual\" class=\"read-more\" href=\"https:\/\/esnaola-caba.infd.edu.ar\/sitio\/informacion-sobre-las-actividades-y-el-campus-virtual\/\" aria-label=\"More on Informaci\u00f3n sobre las actividades, y el Campus Virtual\">[+]<\/a><\/p>\n","protected":false},"author":339,"featured_media":0,"comment_status":"open","ping_status":"open","sticky":false,"template":"","format":"standard","meta":[],"categories":[37],"tags":[],"acf":[],"_links":{"self":[{"href":"https:\/\/esnaola-caba.infd.edu.ar\/sitio\/wp-json\/wp\/v2\/posts\/1861"}],"collection":[{"href":"https:\/\/esnaola-caba.infd.edu.ar\/sitio\/wp-json\/wp\/v2\/posts"}],"about":[{"href":"https:\/\/esnaola-caba.infd.edu.ar\/sitio\/wp-json\/wp\/v2\/types\/post"}],"author":[{"embeddable":true,"href":"https:\/\/esnaola-caba.infd.edu.ar\/sitio\/wp-json\/wp\/v2\/users\/339"}],"replies":[{"embeddable":true,"href":"https:\/\/esnaola-caba.infd.edu.ar\/sitio\/wp-json\/wp\/v2\/comments?post=1861"}],"version-history":[{"count":5,"href":"https:\/\/esnaola-caba.infd.edu.ar\/sitio\/wp-json\/wp\/v2\/posts\/1861\/revisions"}],"predecessor-version":[{"id":1869,"href":"https:\/\/esnaola-caba.infd.edu.ar\/sitio\/wp-json\/wp\/v2\/posts\/1861\/revisions\/1869"}],"wp:attachment":[{"href":"https:\/\/esnaola-caba.infd.edu.ar\/sitio\/wp-json\/wp\/v2\/media?parent=1861"}],"wp:term":[{"taxonomy":"category","embeddable":true,"href":"https:\/\/esnaola-caba.infd.edu.ar\/sitio\/wp-json\/wp\/v2\/categories?post=1861"},{"taxonomy":"post_tag","embeddable":true,"href":"https:\/\/esnaola-caba.infd.edu.ar\/sitio\/wp-json\/wp\/v2\/tags?post=1861"}],"curies":[{"name":"wp","href":"https:\/\/api.w.org\/{rel}","templated":true}]}}