{"id":1856,"date":"2020-03-16T10:36:05","date_gmt":"2020-03-16T13:36:05","guid":{"rendered":"https:\/\/esnaola-caba.infd.edu.ar\/sitio\/?p=1856"},"modified":"2020-03-16T10:36:30","modified_gmt":"2020-03-16T13:36:30","slug":"suspension-de-actividades-presenciales","status":"publish","type":"post","link":"https:\/\/esnaola-caba.infd.edu.ar\/sitio\/suspension-de-actividades-presenciales\/","title":{"rendered":"Suspensi\u00f3n de actividades presenciales"},"content":{"rendered":"<p>Por las razones que son de conocimiento p\u00fablico, se suspenden las actividades presenciales, desde hoy lunes 16 y por un per\u00edodo de 14 d\u00edas, del nivel terciario de ESEAM J. P. Esnaola.<br \/>\nPr\u00f3ximamente anunciaremos la fecha de vuelta a clases.<br \/>\nSe mantienen las clases que se dictan de forma virtual, las semi-presenciales, y tambi\u00e9n las actividades en el campus virtual que organicen las clases presenciales.<\/p>\n<p><img decoding=\"async\" loading=\"lazy\" class=\"alignnone size-full wp-image-1857\" src=\"https:\/\/esnaola-caba.infd.edu.ar\/sitio\/wp-content\/uploads\/2020\/03\/suspensi\u00f3n-clases.jpg\" alt=\"\" width=\"960\" height=\"720\" srcset=\"https:\/\/esnaola-caba.infd.edu.ar\/sitio\/wp-content\/uploads\/2020\/03\/suspensi\u00f3n-clases.jpg 960w, https:\/\/esnaola-caba.infd.edu.ar\/sitio\/wp-content\/uploads\/2020\/03\/suspensi\u00f3n-clases-768x576.jpg 768w\" sizes=\"(max-width: 960px) 100vw, 960px\" \/><\/p>\n","protected":false},"excerpt":{"rendered":"<p>Por las razones que son de conocimiento p\u00fablico, se suspenden las actividades presenciales, desde hoy lunes 16 y por un per\u00edodo de 14 d\u00edas, del nivel terciario de ESEAM J. P. Esnaola. Pr\u00f3ximamente anunciaremos la fecha de vuelta a clases. Se mantienen las clases que se dictan de forma virtual, las semi-presenciales, y tambi\u00e9n las &#8230; <a title=\"Suspensi\u00f3n de actividades presenciales\" class=\"read-more\" href=\"https:\/\/esnaola-caba.infd.edu.ar\/sitio\/suspension-de-actividades-presenciales\/\" aria-label=\"More on Suspensi\u00f3n de actividades presenciales\">[+]<\/a><\/p>\n","protected":false},"author":339,"featured_media":0,"comment_status":"open","ping_status":"open","sticky":false,"template":"","format":"standard","meta":[],"categories":[37],"tags":[],"acf":[],"_links":{"self":[{"href":"https:\/\/esnaola-caba.infd.edu.ar\/sitio\/wp-json\/wp\/v2\/posts\/1856"}],"collection":[{"href":"https:\/\/esnaola-caba.infd.edu.ar\/sitio\/wp-json\/wp\/v2\/posts"}],"about":[{"href":"https:\/\/esnaola-caba.infd.edu.ar\/sitio\/wp-json\/wp\/v2\/types\/post"}],"author":[{"embeddable":true,"href":"https:\/\/esnaola-caba.infd.edu.ar\/sitio\/wp-json\/wp\/v2\/users\/339"}],"replies":[{"embeddable":true,"href":"https:\/\/esnaola-caba.infd.edu.ar\/sitio\/wp-json\/wp\/v2\/comments?post=1856"}],"version-history":[{"count":1,"href":"https:\/\/esnaola-caba.infd.edu.ar\/sitio\/wp-json\/wp\/v2\/posts\/1856\/revisions"}],"predecessor-version":[{"id":1858,"href":"https:\/\/esnaola-caba.infd.edu.ar\/sitio\/wp-json\/wp\/v2\/posts\/1856\/revisions\/1858"}],"wp:attachment":[{"href":"https:\/\/esnaola-caba.infd.edu.ar\/sitio\/wp-json\/wp\/v2\/media?parent=1856"}],"wp:term":[{"taxonomy":"category","embeddable":true,"href":"https:\/\/esnaola-caba.infd.edu.ar\/sitio\/wp-json\/wp\/v2\/categories?post=1856"},{"taxonomy":"post_tag","embeddable":true,"href":"https:\/\/esnaola-caba.infd.edu.ar\/sitio\/wp-json\/wp\/v2\/tags?post=1856"}],"curies":[{"name":"wp","href":"https:\/\/api.w.org\/{rel}","templated":true}]}}