{"id":1834,"date":"2020-02-20T20:06:55","date_gmt":"2020-02-20T23:06:55","guid":{"rendered":"https:\/\/esnaola-caba.infd.edu.ar\/sitio\/?p=1834"},"modified":"2020-02-20T20:09:00","modified_gmt":"2020-02-20T23:09:00","slug":"1834-2","status":"publish","type":"post","link":"https:\/\/esnaola-caba.infd.edu.ar\/sitio\/1834-2\/","title":{"rendered":"Inscripci\u00f3n ciclo lectivo 2020 &#8211; Plazo extendido"},"content":{"rendered":"<p>Informamos que se extendi\u00f3 el plazo\u00a0para la inscripci\u00f3n. La Pre-Inscripci\u00f3n online podr\u00e1 hacerse hasta el 26\/02\/2020.<br \/>\nLa inscripci\u00f3n presencial, hasta el 27\/02\/2020, en el horario de 18:50 a 22 hs.<\/p>\n<p>ESEAM J. P. Esnaola &#8211; Nivel Terciario<\/p>\n<p>esnaola-caba.infd.edu.ar<\/p>\n<p><img decoding=\"async\" loading=\"lazy\" class=\"alignnone size-full wp-image-1835\" src=\"https:\/\/esnaola-caba.infd.edu.ar\/sitio\/wp-content\/uploads\/2020\/02\/Afiche-Difusi\u00f3n-Inscripci\u00f3n-2020-Plazo-extendido-27-2.jpg\" alt=\"\" width=\"639\" height=\"639\" srcset=\"https:\/\/esnaola-caba.infd.edu.ar\/sitio\/wp-content\/uploads\/2020\/02\/Afiche-Difusi\u00f3n-Inscripci\u00f3n-2020-Plazo-extendido-27-2.jpg 639w, https:\/\/esnaola-caba.infd.edu.ar\/sitio\/wp-content\/uploads\/2020\/02\/Afiche-Difusi\u00f3n-Inscripci\u00f3n-2020-Plazo-extendido-27-2-500x500.jpg 500w\" sizes=\"(max-width: 639px) 100vw, 639px\" \/><\/p>\n","protected":false},"excerpt":{"rendered":"<p>Informamos que se extendi\u00f3 el plazo\u00a0para la inscripci\u00f3n. La Pre-Inscripci\u00f3n online podr\u00e1 hacerse hasta el 26\/02\/2020. La inscripci\u00f3n presencial, hasta el 27\/02\/2020, en el horario de 18:50 a 22 hs. ESEAM J. P. Esnaola &#8211; Nivel Terciario esnaola-caba.infd.edu.ar<\/p>\n","protected":false},"author":339,"featured_media":0,"comment_status":"open","ping_status":"open","sticky":false,"template":"","format":"standard","meta":[],"categories":[37],"tags":[],"acf":[],"_links":{"self":[{"href":"https:\/\/esnaola-caba.infd.edu.ar\/sitio\/wp-json\/wp\/v2\/posts\/1834"}],"collection":[{"href":"https:\/\/esnaola-caba.infd.edu.ar\/sitio\/wp-json\/wp\/v2\/posts"}],"about":[{"href":"https:\/\/esnaola-caba.infd.edu.ar\/sitio\/wp-json\/wp\/v2\/types\/post"}],"author":[{"embeddable":true,"href":"https:\/\/esnaola-caba.infd.edu.ar\/sitio\/wp-json\/wp\/v2\/users\/339"}],"replies":[{"embeddable":true,"href":"https:\/\/esnaola-caba.infd.edu.ar\/sitio\/wp-json\/wp\/v2\/comments?post=1834"}],"version-history":[{"count":2,"href":"https:\/\/esnaola-caba.infd.edu.ar\/sitio\/wp-json\/wp\/v2\/posts\/1834\/revisions"}],"predecessor-version":[{"id":1837,"href":"https:\/\/esnaola-caba.infd.edu.ar\/sitio\/wp-json\/wp\/v2\/posts\/1834\/revisions\/1837"}],"wp:attachment":[{"href":"https:\/\/esnaola-caba.infd.edu.ar\/sitio\/wp-json\/wp\/v2\/media?parent=1834"}],"wp:term":[{"taxonomy":"category","embeddable":true,"href":"https:\/\/esnaola-caba.infd.edu.ar\/sitio\/wp-json\/wp\/v2\/categories?post=1834"},{"taxonomy":"post_tag","embeddable":true,"href":"https:\/\/esnaola-caba.infd.edu.ar\/sitio\/wp-json\/wp\/v2\/tags?post=1834"}],"curies":[{"name":"wp","href":"https:\/\/api.w.org\/{rel}","templated":true}]}}