{"id":1683,"date":"2019-09-10T20:12:13","date_gmt":"2019-09-10T23:12:13","guid":{"rendered":"https:\/\/esnaola-caba.infd.edu.ar\/sitio\/?p=1683"},"modified":"2019-09-10T20:13:42","modified_gmt":"2019-09-10T23:13:42","slug":"asueto-dia-del-maestro-miercoles-11-09","status":"publish","type":"post","link":"https:\/\/esnaola-caba.infd.edu.ar\/sitio\/asueto-dia-del-maestro-miercoles-11-09\/","title":{"rendered":"Asueto D\u00eda del Maestro (mi\u00e9rcoles 11\/09)"},"content":{"rendered":"<p>Queridxs alumnxs:<\/p>\n<p>les comunicamos que este Mi\u00e9rcoles 11 no se dictar\u00e1n clases, en virtud del asueto por el D\u00eda del Maestro.<\/p>\n<p>&nbsp;<\/p>\n","protected":false},"excerpt":{"rendered":"<p>Queridxs alumnxs: les comunicamos que este Mi\u00e9rcoles 11 no se dictar\u00e1n clases, en virtud del asueto por el D\u00eda del Maestro. &nbsp;<\/p>\n","protected":false},"author":339,"featured_media":0,"comment_status":"open","ping_status":"open","sticky":false,"template":"","format":"standard","meta":[],"categories":[38,39],"tags":[],"acf":[],"_links":{"self":[{"href":"https:\/\/esnaola-caba.infd.edu.ar\/sitio\/wp-json\/wp\/v2\/posts\/1683"}],"collection":[{"href":"https:\/\/esnaola-caba.infd.edu.ar\/sitio\/wp-json\/wp\/v2\/posts"}],"about":[{"href":"https:\/\/esnaola-caba.infd.edu.ar\/sitio\/wp-json\/wp\/v2\/types\/post"}],"author":[{"embeddable":true,"href":"https:\/\/esnaola-caba.infd.edu.ar\/sitio\/wp-json\/wp\/v2\/users\/339"}],"replies":[{"embeddable":true,"href":"https:\/\/esnaola-caba.infd.edu.ar\/sitio\/wp-json\/wp\/v2\/comments?post=1683"}],"version-history":[{"count":1,"href":"https:\/\/esnaola-caba.infd.edu.ar\/sitio\/wp-json\/wp\/v2\/posts\/1683\/revisions"}],"predecessor-version":[{"id":1684,"href":"https:\/\/esnaola-caba.infd.edu.ar\/sitio\/wp-json\/wp\/v2\/posts\/1683\/revisions\/1684"}],"wp:attachment":[{"href":"https:\/\/esnaola-caba.infd.edu.ar\/sitio\/wp-json\/wp\/v2\/media?parent=1683"}],"wp:term":[{"taxonomy":"category","embeddable":true,"href":"https:\/\/esnaola-caba.infd.edu.ar\/sitio\/wp-json\/wp\/v2\/categories?post=1683"},{"taxonomy":"post_tag","embeddable":true,"href":"https:\/\/esnaola-caba.infd.edu.ar\/sitio\/wp-json\/wp\/v2\/tags?post=1683"}],"curies":[{"name":"wp","href":"https:\/\/api.w.org\/{rel}","templated":true}]}}