{"id":1609,"date":"2019-06-12T19:36:53","date_gmt":"2019-06-12T22:36:53","guid":{"rendered":"https:\/\/esnaola-caba.infd.edu.ar\/sitio\/?p=1609"},"modified":"2019-06-12T19:38:38","modified_gmt":"2019-06-12T22:38:38","slug":"10-anos-del-nivel-terciario-eseam-j-p-esnaola-discurso-por-el-aniversario","status":"publish","type":"post","link":"https:\/\/esnaola-caba.infd.edu.ar\/sitio\/10-anos-del-nivel-terciario-eseam-j-p-esnaola-discurso-por-el-aniversario\/","title":{"rendered":"Discurso por el 10\u00b0 aniversario de la creaci\u00f3n del nivel terciario ESEAM J. P. Esnaola"},"content":{"rendered":"<p>Compartimos las palabras del Director del Nivel Terciario , Lic. Ramiro Limongi, en raz\u00f3n del 10\u00b0 aniversario de la creaci\u00f3n de dicho nivel, de la ESEAM J. P. Esnaola<\/p>\n<p>&#8212;&#8212;&#8212;&#8212;-<\/p>\n<p>Escuela Superior de Educaci\u00f3n Art\u00edstica en M\u00fasica \u201cJuan Pedro Esnaola\u201d<\/p>\n<p>Concierto de profesores \u2013 10\u00b0 Aniversario del Nivel Terciario<\/p>\n<p>Lunes 10 de junio de 2019, 19 horas \u2013 Auditorio \u201cJuan Pedro Esnaola\u201d<\/p>\n<p>&nbsp;<\/p>\n<p><strong>Palabras del Director del Nivel Terciario, Lic. Ramiro Limongi<\/strong><\/p>\n<p>Buenas tardes. Bienvenidas y bienvenidos. Gracias por acompa\u00f1arnos en este concierto de profesores que nos encuentra con diez a\u00f1os de existencia, atravesando un momento dif\u00edcil para el conjunto de la comunidad institucional de la que somos parte. Muchas y muchos de ustedes vinieron hoy a un festejo de cumplea\u00f1os y estas palabras iniciales seguramente instalar\u00e1n un clima m\u00e1s reflexivo que nos dejar\u00e1 con sensaciones encontradas.<\/p>\n<p>Como posiblemente ya sepan, una denuncia de abuso dentro de la escuela presentada hace diez d\u00edas nos ha conmocionado a todos y la decisi\u00f3n, tomada junto con el Consejo Directivo, de seguir adelante con este concierto no significa indiferencia ni falta de sensibilidad. Nuestra intenci\u00f3n es encontrarnos en este espacio para fortalecer los lazos entre los miembros de este grupo humano de artistas y docentes. Ya que, en docencia, todo acto es pedag\u00f3gico, lo que hoy queremos ense\u00f1ar es que estamos juntas y juntos, que somos fuertes, que construimos un colectivo que se consolida, que quiere brindar a sus integrantes posibilidades de realizaci\u00f3n plena, que ofrece una contenci\u00f3n a todas y todos aquellos que necesitan recuperar sus energ\u00edas, que, aunque lamentablemente no siempre es posible, quiere protegernos.<\/p>\n<p>Por eso expresamos nuestro absoluto rechazo a la violencia de g\u00e9nero y a todo tipo de violencia institucional. Por eso no nos callamos. Por eso nos encontramos para hacer m\u00fasica, para compartirla, para comunicarnos de este modo que, tal vez, sea el que mejor manejamos, que, indudablemente, es el que m\u00e1s intensamente nos acerca. Porque, de esta manera, declaramos que seguimos de pie, que tejemos redes para ser m\u00e1s resilientes, que no nos paralizamos y que, con diez a\u00f1os de existencia, queremos sumar nuestra voz a la de toda la comunidad esnaolense.<\/p>\n<p>En una d\u00e9cada de nivel terciario hemos atravesado situaciones diversas, complejas, conflictivas, en el \u00e1mbito interno o en la articulaci\u00f3n con nuestro contexto institucional o social m\u00e1s amplio. Tambi\u00e9n hemos alcanzado algunas metas, hemos creado, hemos podido disfrutar de nuestro recorrido. Nos encontramos con gente sumamente valiosa: como estudiantes, como docentes, en el aula, la conducci\u00f3n, la administraci\u00f3n o el escenario. Hay quienes egresaron y son ya nuevas y nuevos colegas que siguieron otros caminos o retornan con un nuevo rol. Hay quienes emprendieron nuevos proyectos profesionales y, habiendo dejado su impronta, se encuentran ahora algo m\u00e1s lejos. Algunas y algunos se jubilaron, pero siguen cerca, siguen colaborando, o, como escucharemos hoy, siguen tocando nuestra m\u00fasica. Alguno ya ha partido. Quiero pedir un minuto de silencio en memoria del maestro Emilio Victorica que nos dej\u00f3 en el mes de abril.<\/p>\n<p>\u2026<\/p>\n<p>Y es as\u00ed que, en diez a\u00f1os de existencia, hemos crecido, hemos vivido y, al compartirlo, las penas fueron m\u00e1s livianas (\u00bfo acaso no ser\u00e1 que nosotros contamos con m\u00e1s y mejores recursos para superarlas?), las alegr\u00edas fueron m\u00e1s intensas. Parafraseando a Mar\u00eda Elena Walsh, fuimos rescat\u00e1ndonos mutuamente para, como hoy, seguir cantando.<\/p>\n<p>Por todo esto, sumamos al programa, en primer lugar, la zamba \u201cSevera Villafa\u00f1e\u201d de Carlos Guastavino sobre un poema de Le\u00f3n Benar\u00f3s que interpretar\u00e1n Silvia Margari y Mariana Quainelle.<\/p>\n","protected":false},"excerpt":{"rendered":"<p>Compartimos las palabras del Director del Nivel Terciario , Lic. Ramiro Limongi, en raz\u00f3n del 10\u00b0 aniversario de la creaci\u00f3n de dicho nivel, de la ESEAM J. P. Esnaola &#8212;&#8212;&#8212;&#8212;- Escuela Superior de Educaci\u00f3n Art\u00edstica en M\u00fasica \u201cJuan Pedro Esnaola\u201d Concierto de profesores \u2013 10\u00b0 Aniversario del Nivel Terciario Lunes 10 de junio de 2019, &#8230; <a title=\"Discurso por el 10\u00b0 aniversario de la creaci\u00f3n del nivel terciario ESEAM J. P. Esnaola\" class=\"read-more\" href=\"https:\/\/esnaola-caba.infd.edu.ar\/sitio\/10-anos-del-nivel-terciario-eseam-j-p-esnaola-discurso-por-el-aniversario\/\" aria-label=\"More on Discurso por el 10\u00b0 aniversario de la creaci\u00f3n del nivel terciario ESEAM J. P. Esnaola\">[+]<\/a><\/p>\n","protected":false},"author":339,"featured_media":0,"comment_status":"open","ping_status":"open","sticky":false,"template":"","format":"standard","meta":[],"categories":[12,38,39],"tags":[],"acf":[],"_links":{"self":[{"href":"https:\/\/esnaola-caba.infd.edu.ar\/sitio\/wp-json\/wp\/v2\/posts\/1609"}],"collection":[{"href":"https:\/\/esnaola-caba.infd.edu.ar\/sitio\/wp-json\/wp\/v2\/posts"}],"about":[{"href":"https:\/\/esnaola-caba.infd.edu.ar\/sitio\/wp-json\/wp\/v2\/types\/post"}],"author":[{"embeddable":true,"href":"https:\/\/esnaola-caba.infd.edu.ar\/sitio\/wp-json\/wp\/v2\/users\/339"}],"replies":[{"embeddable":true,"href":"https:\/\/esnaola-caba.infd.edu.ar\/sitio\/wp-json\/wp\/v2\/comments?post=1609"}],"version-history":[{"count":5,"href":"https:\/\/esnaola-caba.infd.edu.ar\/sitio\/wp-json\/wp\/v2\/posts\/1609\/revisions"}],"predecessor-version":[{"id":1614,"href":"https:\/\/esnaola-caba.infd.edu.ar\/sitio\/wp-json\/wp\/v2\/posts\/1609\/revisions\/1614"}],"wp:attachment":[{"href":"https:\/\/esnaola-caba.infd.edu.ar\/sitio\/wp-json\/wp\/v2\/media?parent=1609"}],"wp:term":[{"taxonomy":"category","embeddable":true,"href":"https:\/\/esnaola-caba.infd.edu.ar\/sitio\/wp-json\/wp\/v2\/categories?post=1609"},{"taxonomy":"post_tag","embeddable":true,"href":"https:\/\/esnaola-caba.infd.edu.ar\/sitio\/wp-json\/wp\/v2\/tags?post=1609"}],"curies":[{"name":"wp","href":"https:\/\/api.w.org\/{rel}","templated":true}]}}