{"id":1604,"date":"2019-04-30T16:43:39","date_gmt":"2019-04-30T19:43:39","guid":{"rendered":"https:\/\/esnaola-caba.infd.edu.ar\/sitio\/?p=1604"},"modified":"2019-04-30T16:43:39","modified_gmt":"2019-04-30T19:43:39","slug":"matias-mejuto-flamante-profesor-de-piano-del-profesorado-de-la-eseam-juan-p-esnaola","status":"publish","type":"post","link":"https:\/\/esnaola-caba.infd.edu.ar\/sitio\/matias-mejuto-flamante-profesor-de-piano-del-profesorado-de-la-eseam-juan-p-esnaola\/","title":{"rendered":"Mat\u00edas Mejuto, flamante profesor de piano del profesorado de la ESEAM Juan P. Esnaola"},"content":{"rendered":"<figure id=\"attachment_1605\" aria-describedby=\"caption-attachment-1605\" style=\"width: 990px\" class=\"wp-caption alignnone\"><img decoding=\"async\" loading=\"lazy\" class=\"size-medium wp-image-1605\" src=\"https:\/\/esnaola-caba.infd.edu.ar\/sitio\/wp-content\/uploads\/2019\/04\/WhatsApp-Image-2019-04-30-at-3.32.01-PM-1000x750.jpeg\" alt=\"\" width=\"1000\" height=\"750\" srcset=\"https:\/\/esnaola-caba.infd.edu.ar\/sitio\/wp-content\/uploads\/2019\/04\/WhatsApp-Image-2019-04-30-at-3.32.01-PM-1000x750.jpeg 1000w, https:\/\/esnaola-caba.infd.edu.ar\/sitio\/wp-content\/uploads\/2019\/04\/WhatsApp-Image-2019-04-30-at-3.32.01-PM-768x576.jpeg 768w, https:\/\/esnaola-caba.infd.edu.ar\/sitio\/wp-content\/uploads\/2019\/04\/WhatsApp-Image-2019-04-30-at-3.32.01-PM.jpeg 1040w\" sizes=\"(max-width: 1000px) 100vw, 1000px\" \/><figcaption id=\"caption-attachment-1605\" class=\"wp-caption-text\">El martes 23 de abril Mat\u00edas Mejuto, de la c\u00e1tedra de la Mg. Mariana Quainelle, realiz\u00f3 para la comunidad educativa su concierto de gracuaci\u00f3n en nuestra Instituci\u00f3n.<br \/>\u00a1Felicitamos al nuevo profesor!<\/figcaption><\/figure>\n","protected":false},"excerpt":{"rendered":"","protected":false},"author":236,"featured_media":0,"comment_status":"open","ping_status":"open","sticky":false,"template":"","format":"standard","meta":[],"categories":[11,10,12,38,39],"tags":[],"acf":[],"_links":{"self":[{"href":"https:\/\/esnaola-caba.infd.edu.ar\/sitio\/wp-json\/wp\/v2\/posts\/1604"}],"collection":[{"href":"https:\/\/esnaola-caba.infd.edu.ar\/sitio\/wp-json\/wp\/v2\/posts"}],"about":[{"href":"https:\/\/esnaola-caba.infd.edu.ar\/sitio\/wp-json\/wp\/v2\/types\/post"}],"author":[{"embeddable":true,"href":"https:\/\/esnaola-caba.infd.edu.ar\/sitio\/wp-json\/wp\/v2\/users\/236"}],"replies":[{"embeddable":true,"href":"https:\/\/esnaola-caba.infd.edu.ar\/sitio\/wp-json\/wp\/v2\/comments?post=1604"}],"version-history":[{"count":1,"href":"https:\/\/esnaola-caba.infd.edu.ar\/sitio\/wp-json\/wp\/v2\/posts\/1604\/revisions"}],"predecessor-version":[{"id":1606,"href":"https:\/\/esnaola-caba.infd.edu.ar\/sitio\/wp-json\/wp\/v2\/posts\/1604\/revisions\/1606"}],"wp:attachment":[{"href":"https:\/\/esnaola-caba.infd.edu.ar\/sitio\/wp-json\/wp\/v2\/media?parent=1604"}],"wp:term":[{"taxonomy":"category","embeddable":true,"href":"https:\/\/esnaola-caba.infd.edu.ar\/sitio\/wp-json\/wp\/v2\/categories?post=1604"},{"taxonomy":"post_tag","embeddable":true,"href":"https:\/\/esnaola-caba.infd.edu.ar\/sitio\/wp-json\/wp\/v2\/tags?post=1604"}],"curies":[{"name":"wp","href":"https:\/\/api.w.org\/{rel}","templated":true}]}}