{"id":1301,"date":"2018-09-26T11:01:16","date_gmt":"2018-09-26T14:01:16","guid":{"rendered":"https:\/\/esnaola-caba.infd.edu.ar\/sitio\/?p=1301"},"modified":"2018-09-26T11:01:16","modified_gmt":"2018-09-26T14:01:16","slug":"70-aniversario-de-los-cursos-vocacionales-de-folklore-tango-y-expresion-corporal","status":"publish","type":"post","link":"https:\/\/esnaola-caba.infd.edu.ar\/sitio\/70-aniversario-de-los-cursos-vocacionales-de-folklore-tango-y-expresion-corporal\/","title":{"rendered":"70 aniversario de los cursos Vocacionales de Folklore, Tango y Expresi\u00f3n Corporal"},"content":{"rendered":"<p>Estimados, con mucha alegr\u00eda los invitamos a los festejos por el 70 aniversario de los Cursos Vocacionales de Folklore, Tango y Expresi\u00f3n Corporal dependientes de la Direcci\u00f3n de Educaci\u00f3n Art\u00edstica.<\/p>\n<div><\/div>\n<div>Esperamos contar con vuestra presencia <a dir=\"ltr\" href=\"x-apple-data-detectors:\/\/0\">el pr\u00f3ximo mi\u00e9rcoles<\/a> 26 de septiembre a las 19 hs en el Auditorio del Polo Educativo Saavedra.<\/div>\n<div><\/div>\n<div style=\"text-align: center;\"><img decoding=\"async\" loading=\"lazy\" class=\"alignnone size-full wp-image-1302\" src=\"https:\/\/esnaola-caba.infd.edu.ar\/sitio\/wp-content\/uploads\/2018\/09\/7D16377F-2110-49D1-BDCC-913C6AFE5BE4.png\" alt=\"\" width=\"808\" height=\"950\" srcset=\"https:\/\/esnaola-caba.infd.edu.ar\/sitio\/wp-content\/uploads\/2018\/09\/7D16377F-2110-49D1-BDCC-913C6AFE5BE4.png 808w, https:\/\/esnaola-caba.infd.edu.ar\/sitio\/wp-content\/uploads\/2018\/09\/7D16377F-2110-49D1-BDCC-913C6AFE5BE4-768x903.png 768w\" sizes=\"(max-width: 808px) 100vw, 808px\" \/><\/div>\n","protected":false},"excerpt":{"rendered":"<p>Estimados, con mucha alegr\u00eda los invitamos a los festejos por el 70 aniversario de los Cursos Vocacionales de Folklore, Tango y Expresi\u00f3n Corporal dependientes de la Direcci\u00f3n de Educaci\u00f3n Art\u00edstica. Esperamos contar con vuestra presencia el pr\u00f3ximo mi\u00e9rcoles 26 de septiembre a las 19 hs en el Auditorio del Polo Educativo Saavedra.<\/p>\n","protected":false},"author":7,"featured_media":0,"comment_status":"open","ping_status":"open","sticky":false,"template":"","format":"standard","meta":[],"categories":[14],"tags":[22,31,21],"acf":[],"_links":{"self":[{"href":"https:\/\/esnaola-caba.infd.edu.ar\/sitio\/wp-json\/wp\/v2\/posts\/1301"}],"collection":[{"href":"https:\/\/esnaola-caba.infd.edu.ar\/sitio\/wp-json\/wp\/v2\/posts"}],"about":[{"href":"https:\/\/esnaola-caba.infd.edu.ar\/sitio\/wp-json\/wp\/v2\/types\/post"}],"author":[{"embeddable":true,"href":"https:\/\/esnaola-caba.infd.edu.ar\/sitio\/wp-json\/wp\/v2\/users\/7"}],"replies":[{"embeddable":true,"href":"https:\/\/esnaola-caba.infd.edu.ar\/sitio\/wp-json\/wp\/v2\/comments?post=1301"}],"version-history":[{"count":1,"href":"https:\/\/esnaola-caba.infd.edu.ar\/sitio\/wp-json\/wp\/v2\/posts\/1301\/revisions"}],"predecessor-version":[{"id":1303,"href":"https:\/\/esnaola-caba.infd.edu.ar\/sitio\/wp-json\/wp\/v2\/posts\/1301\/revisions\/1303"}],"wp:attachment":[{"href":"https:\/\/esnaola-caba.infd.edu.ar\/sitio\/wp-json\/wp\/v2\/media?parent=1301"}],"wp:term":[{"taxonomy":"category","embeddable":true,"href":"https:\/\/esnaola-caba.infd.edu.ar\/sitio\/wp-json\/wp\/v2\/categories?post=1301"},{"taxonomy":"post_tag","embeddable":true,"href":"https:\/\/esnaola-caba.infd.edu.ar\/sitio\/wp-json\/wp\/v2\/tags?post=1301"}],"curies":[{"name":"wp","href":"https:\/\/api.w.org\/{rel}","templated":true}]}}