{"id":1035,"date":"2017-08-30T00:00:00","date_gmt":"2017-08-30T00:00:00","guid":{"rendered":"https:\/\/esnaola-caba.infd.edu.ar\/sitio\/concierto-didactico-taller-proyecto-de-practica-v\/"},"modified":"2017-08-30T00:00:00","modified_gmt":"2017-08-30T00:00:00","slug":"concierto-didactico-taller-proyecto-de-practica-v","status":"publish","type":"post","link":"https:\/\/esnaola-caba.infd.edu.ar\/sitio\/concierto-didactico-taller-proyecto-de-practica-v\/","title":{"rendered":"Concierto did\u00e1ctico Taller Proyecto de Pr\u00e1ctica V"},"content":{"rendered":"<p class=\"sitio_noticia_volanta\" >Un viaje de ensue\u00f1o<\/p>\n<h3>Concierto did\u00e1ctico Taller Proyecto de Pr\u00e1ctica V<\/h3>\n<p class=\"sitio_noticia_copete\" >Martes 5 de Septiembre de 2017 &#8211; 10 hs. &#8211; Escuela Nro. 5 <\/p>\n<hr class=\"sitio_noticia_contenido\" \/>\n<p >\n<p style=\"text-align: center;\"><img decoding=\"async\" title=\"Concierto did&aacute;ctico 5 de Septiembre\" src=\"https:\/\/esnaola-caba.infd.edu.ar\/sitio\/wp-content\/uploads\/2018\/06\/flyerconcierto-2.jpg\" border=\"0\" alt=\"Concierto did&aacute;ctico 5 de Septiembre\"><\/p><\/p>\n","protected":false},"excerpt":{"rendered":"<p>Un viaje de ensue\u00f1o Concierto did\u00e1ctico Taller Proyecto de Pr\u00e1ctica V Martes 5 de Septiembre de 2017 &#8211; 10 hs. &#8211; Escuela Nro. 5<\/p>\n","protected":false},"author":354,"featured_media":0,"comment_status":"open","ping_status":"open","sticky":false,"template":"","format":"standard","meta":[],"categories":[41],"tags":[],"acf":[],"_links":{"self":[{"href":"https:\/\/esnaola-caba.infd.edu.ar\/sitio\/wp-json\/wp\/v2\/posts\/1035"}],"collection":[{"href":"https:\/\/esnaola-caba.infd.edu.ar\/sitio\/wp-json\/wp\/v2\/posts"}],"about":[{"href":"https:\/\/esnaola-caba.infd.edu.ar\/sitio\/wp-json\/wp\/v2\/types\/post"}],"author":[{"embeddable":true,"href":"https:\/\/esnaola-caba.infd.edu.ar\/sitio\/wp-json\/wp\/v2\/users\/354"}],"replies":[{"embeddable":true,"href":"https:\/\/esnaola-caba.infd.edu.ar\/sitio\/wp-json\/wp\/v2\/comments?post=1035"}],"version-history":[{"count":0,"href":"https:\/\/esnaola-caba.infd.edu.ar\/sitio\/wp-json\/wp\/v2\/posts\/1035\/revisions"}],"wp:attachment":[{"href":"https:\/\/esnaola-caba.infd.edu.ar\/sitio\/wp-json\/wp\/v2\/media?parent=1035"}],"wp:term":[{"taxonomy":"category","embeddable":true,"href":"https:\/\/esnaola-caba.infd.edu.ar\/sitio\/wp-json\/wp\/v2\/categories?post=1035"},{"taxonomy":"post_tag","embeddable":true,"href":"https:\/\/esnaola-caba.infd.edu.ar\/sitio\/wp-json\/wp\/v2\/tags?post=1035"}],"curies":[{"name":"wp","href":"https:\/\/api.w.org\/{rel}","templated":true}]}}