{"id":1027,"date":"2016-12-14T00:00:00","date_gmt":"2016-12-14T00:00:00","guid":{"rendered":"https:\/\/esnaola-caba.infd.edu.ar\/sitio\/artistica-en-el-teatro-25-de-mayo\/"},"modified":"2016-12-14T00:00:00","modified_gmt":"2016-12-14T00:00:00","slug":"artistica-en-el-teatro-25-de-mayo","status":"publish","type":"post","link":"https:\/\/esnaola-caba.infd.edu.ar\/sitio\/artistica-en-el-teatro-25-de-mayo\/","title":{"rendered":"Art\u00edstica en el Teatro 25 de Mayo"},"content":{"rendered":"<p class=\"sitio_noticia_volanta\" >Art\u00edstica en Escena<\/p>\n<h3>Art\u00edstica en el Teatro 25 de Mayo<\/h3>\n<p class=\"sitio_noticia_copete\" >D\u00eda 21 de diciembre de 2016 &#8211; 20 horas &#8211; Entrada Libre<\/p>\n<hr class=\"sitio_noticia_contenido\" \/>\n<p >\n<p style=\"text-align: center;\"><img decoding=\"async\" title=\"Invitaci&oacute;n al 21 y 22 de Diciembre\" src=\"https:\/\/esnaola-caba.infd.edu.ar\/sitio\/wp-content\/uploads\/2018\/06\/Invitacio_n_21_y_22_de_diciembre.png\" border=\"0\" alt=\"Invitaci&oacute;n al 21 y 22 de Diciembre\"><\/p>\n<p style=\"text-align: center;\">Programa Completo&nbsp;<\/p>\n<p style=\"text-align: center;\">de Art&iacute;stica en Escena<\/p>\n<p style=\"text-align: center;\"><a title=\"Art&iacute;stica en Escena\" href=\"upload\/H_Programa_25_de_mayo_-_21_de_diciembre.pdf\" target=\"_blank\">&nbsp;<\/a><\/p>\n<p style=\"text-align: center;\"><a title=\"Art&iacute;stica en Escena\" href=\"upload\/H_Programa_25_de_mayo_-_21_de_diciembre.pdf\" target=\"_blank\">&nbsp;del 21 de Diciembre de 2016&nbsp;<\/a><\/p>\n<p style=\"text-align: center;\"><a title=\"Art&iacute;stica en Escena\" href=\"upload\/H_Programa_25_de_mayo_-_22_de_diciembre.pdf\" target=\"_blank\">del 22 de Diciembre de 2016<\/a><\/p>\n<p style=\"text-align: center;\">&nbsp;<\/p><\/p>\n","protected":false},"excerpt":{"rendered":"<p>Art\u00edstica en Escena Art\u00edstica en el Teatro 25 de Mayo D\u00eda 21 de diciembre de 2016 &#8211; 20 horas &#8211; Entrada Libre Programa Completo&nbsp; de Art&iacute;stica en Escena &nbsp; &nbsp;del 21 de Diciembre de 2016&nbsp; del 22 de Diciembre de 2016 &nbsp;<\/p>\n","protected":false},"author":354,"featured_media":0,"comment_status":"open","ping_status":"open","sticky":false,"template":"","format":"standard","meta":[],"categories":[39],"tags":[],"acf":[],"_links":{"self":[{"href":"https:\/\/esnaola-caba.infd.edu.ar\/sitio\/wp-json\/wp\/v2\/posts\/1027"}],"collection":[{"href":"https:\/\/esnaola-caba.infd.edu.ar\/sitio\/wp-json\/wp\/v2\/posts"}],"about":[{"href":"https:\/\/esnaola-caba.infd.edu.ar\/sitio\/wp-json\/wp\/v2\/types\/post"}],"author":[{"embeddable":true,"href":"https:\/\/esnaola-caba.infd.edu.ar\/sitio\/wp-json\/wp\/v2\/users\/354"}],"replies":[{"embeddable":true,"href":"https:\/\/esnaola-caba.infd.edu.ar\/sitio\/wp-json\/wp\/v2\/comments?post=1027"}],"version-history":[{"count":0,"href":"https:\/\/esnaola-caba.infd.edu.ar\/sitio\/wp-json\/wp\/v2\/posts\/1027\/revisions"}],"wp:attachment":[{"href":"https:\/\/esnaola-caba.infd.edu.ar\/sitio\/wp-json\/wp\/v2\/media?parent=1027"}],"wp:term":[{"taxonomy":"category","embeddable":true,"href":"https:\/\/esnaola-caba.infd.edu.ar\/sitio\/wp-json\/wp\/v2\/categories?post=1027"},{"taxonomy":"post_tag","embeddable":true,"href":"https:\/\/esnaola-caba.infd.edu.ar\/sitio\/wp-json\/wp\/v2\/tags?post=1027"}],"curies":[{"name":"wp","href":"https:\/\/api.w.org\/{rel}","templated":true}]}}